{"id":1412,"date":"2024-11-27T15:48:07","date_gmt":"2024-11-27T18:48:07","guid":{"rendered":"https:\/\/jornadaparaorlando.com.br\/web\/?p=1412"},"modified":"2025-07-03T17:22:39","modified_gmt":"2025-07-03T20:22:39","slug":"aventura-espacial-e-tema-do-natal-2024-no-kennedy-space-center","status":"publish","type":"post","link":"https:\/\/jornadaparaorlando.com.br\/web\/aventura-espacial-e-tema-do-natal-2024-no-kennedy-space-center\/","title":{"rendered":"Aventura espacial \u00e9 tema do Natal 2024 no Kennedy Space Center"},"content":{"rendered":"\n<figure class=\"wp-block-image size-full\"><img data-recalc-dims=\"1\" decoding=\"async\" width=\"850\" height=\"568\" data-src=\"https:\/\/i0.wp.com\/jornadaparaorlando.com.br\/web\/wp-content\/uploads\/2024\/11\/natal-holidays-in-space-kennedy-space-center4.jpg?resize=850%2C568&#038;ssl=1\" alt=\"Entrada do Kennedy Space Center com decora\u00e7\u00e3o natalina\" class=\"wp-image-1417 lazyload\" data-srcset=\"https:\/\/i0.wp.com\/jornadaparaorlando.com.br\/web\/wp-content\/uploads\/2024\/11\/natal-holidays-in-space-kennedy-space-center4.jpg?w=850&amp;ssl=1 850w, https:\/\/i0.wp.com\/jornadaparaorlando.com.br\/web\/wp-content\/uploads\/2024\/11\/natal-holidays-in-space-kennedy-space-center4.jpg?resize=300%2C200&amp;ssl=1 300w, https:\/\/i0.wp.com\/jornadaparaorlando.com.br\/web\/wp-content\/uploads\/2024\/11\/natal-holidays-in-space-kennedy-space-center4.jpg?resize=768%2C513&amp;ssl=1 768w\" data-sizes=\"(max-width: 850px) 100vw, 850px\" src=\"data:image\/svg+xml;base64,PHN2ZyB3aWR0aD0iMSIgaGVpZ2h0PSIxIiB4bWxucz0iaHR0cDovL3d3dy53My5vcmcvMjAwMC9zdmciPjwvc3ZnPg==\" style=\"--smush-placeholder-width: 850px; --smush-placeholder-aspect-ratio: 850\/568;\" \/><figcaption class=\"wp-element-caption\"><em>Fotos: Divulga\u00e7\u00e3o<\/em><\/figcaption><\/figure>\n\n\n\n<div style=\"height:34px\" aria-hidden=\"true\" class=\"wp-block-spacer\"><\/div>\n\n\n\n<p>Se o <strong>Kennedy Space Center<\/strong> j\u00e1 \u00e9 legal durante o ano, imagine no <strong>Natal<\/strong>. E o complexo est\u00e1 preparando uma programa\u00e7\u00e3o especial de fim de ano para seus visitantes.<\/p>\n\n\n\n<p>Logo, de <strong>20 a 30 de dezembro<\/strong>, o complexo celebra o <strong>Holidays in Space<\/strong>, se transformando num verdadeiro pa\u00eds das maravilhas natalinas.<\/p>\n\n\n\n<figure class=\"wp-block-image size-full\"><img data-recalc-dims=\"1\" decoding=\"async\" width=\"850\" height=\"568\" data-src=\"https:\/\/i0.wp.com\/jornadaparaorlando.com.br\/web\/wp-content\/uploads\/2024\/11\/natal-holidays-in-space-kennedy-space-center5.jpg?resize=850%2C568&#038;ssl=1\" alt=\"Decora\u00e7\u00e3o natalina no Kennedy Space Center\" class=\"wp-image-1418 lazyload\" data-srcset=\"https:\/\/i0.wp.com\/jornadaparaorlando.com.br\/web\/wp-content\/uploads\/2024\/11\/natal-holidays-in-space-kennedy-space-center5.jpg?w=850&amp;ssl=1 850w, https:\/\/i0.wp.com\/jornadaparaorlando.com.br\/web\/wp-content\/uploads\/2024\/11\/natal-holidays-in-space-kennedy-space-center5.jpg?resize=300%2C200&amp;ssl=1 300w, https:\/\/i0.wp.com\/jornadaparaorlando.com.br\/web\/wp-content\/uploads\/2024\/11\/natal-holidays-in-space-kennedy-space-center5.jpg?resize=768%2C513&amp;ssl=1 768w\" data-sizes=\"(max-width: 850px) 100vw, 850px\" src=\"data:image\/svg+xml;base64,PHN2ZyB3aWR0aD0iMSIgaGVpZ2h0PSIxIiB4bWxucz0iaHR0cDovL3d3dy53My5vcmcvMjAwMC9zdmciPjwvc3ZnPg==\" style=\"--smush-placeholder-width: 850px; --smush-placeholder-aspect-ratio: 850\/568;\" \/><\/figure>\n\n\n\n<div style=\"height:28px\" aria-hidden=\"true\" class=\"wp-block-spacer\"><\/div>\n\n\n\n<p>O evento tem patroc\u00ednio da Pepsi e traz a tem\u00e1tica das aventuras espaciais. Assim, entre as atra\u00e7\u00f5es que fazem parte do <strong>Holidays in Space<\/strong> est\u00e3o:<\/p>\n\n\n\n<div style=\"height:41px\" aria-hidden=\"true\" class=\"wp-block-spacer\"><\/div>\n\n\n\n<div id=\"ez-toc-container\" class=\"ez-toc-v2_0_82 counter-hierarchy ez-toc-counter ez-toc-grey ez-toc-container-direction\">\r\n<div class=\"ez-toc-title-container\">\r\n<span class=\"ez-toc-title-toggle\"><a href=\"#\" class=\"ez-toc-pull-right ez-toc-btn ez-toc-btn-xs ez-toc-btn-default ez-toc-toggle\" aria-label=\"Toggle Table of Content\"><span class=\"ez-toc-js-icon-con\"><span class=\"\"><span class=\"eztoc-hide\" style=\"display:none;\">Toggle<\/span><span class=\"ez-toc-icon-toggle-span\"><svg style=\"fill: #999;color:#999\" xmlns=\"http:\/\/www.w3.org\/2000\/svg\" class=\"list-377408\" width=\"20px\" height=\"20px\" viewBox=\"0 0 24 24\" fill=\"none\"><path d=\"M6 6H4v2h2V6zm14 0H8v2h12V6zM4 11h2v2H4v-2zm16 0H8v2h12v-2zM4 16h2v2H4v-2zm16 0H8v2h12v-2z\" fill=\"currentColor\"><\/path><\/svg><svg style=\"fill: #999;color:#999\" class=\"arrow-unsorted-368013\" xmlns=\"http:\/\/www.w3.org\/2000\/svg\" width=\"10px\" height=\"10px\" viewBox=\"0 0 24 24\" version=\"1.2\" baseProfile=\"tiny\"><path d=\"M18.2 9.3l-6.2-6.3-6.2 6.3c-.2.2-.3.4-.3.7s.1.5.3.7c.2.2.4.3.7.3h11c.3 0 .5-.1.7-.3.2-.2.3-.5.3-.7s-.1-.5-.3-.7zM5.8 14.7l6.2 6.3 6.2-6.3c.2-.2.3-.5.3-.7s-.1-.5-.3-.7c-.2-.2-.4-.3-.7-.3h-11c-.3 0-.5.1-.7.3-.2.2-.3.5-.3.7s.1.5.3.7z\"\/><\/svg><\/span><\/span><\/span><\/a><\/span><\/div>\r\n<nav><ul class='ez-toc-list ez-toc-list-level-1 ' ><li class='ez-toc-page-1 ez-toc-heading-level-2'><a class=\"ez-toc-link ez-toc-heading-1\" href=\"https:\/\/jornadaparaorlando.com.br\/web\/aventura-espacial-e-tema-do-natal-2024-no-kennedy-space-center\/#Rocket_Tree_Trail\" >Rocket Tree Trail<\/a><\/li><li class='ez-toc-page-1 ez-toc-heading-level-2'><a class=\"ez-toc-link ez-toc-heading-2\" href=\"https:\/\/jornadaparaorlando.com.br\/web\/aventura-espacial-e-tema-do-natal-2024-no-kennedy-space-center\/#Arvore_de_Natal_iconica\" >\u00c1rvore de Natal ic\u00f4nica<\/a><\/li><li class='ez-toc-page-1 ez-toc-heading-level-2'><a class=\"ez-toc-link ez-toc-heading-3\" href=\"https:\/\/jornadaparaorlando.com.br\/web\/aventura-espacial-e-tema-do-natal-2024-no-kennedy-space-center\/#Starflakes_Holiday_Voyage\" >Starflake\u2019s Holiday Voyage<\/a><\/li><\/ul><\/nav><\/div>\r\n<h2 class=\"wp-block-heading\"><span class=\"ez-toc-section\" id=\"Rocket_Tree_Trail\"><\/span>Rocket Tree Trail<span class=\"ez-toc-section-end\"><\/span><\/h2>\n\n\n\n<p>Todas as noites os visitantes podem conferir e se maravilhar com as luzes ao longo da <strong>Rocket Tree Trail<\/strong>, onde \u00e1rvores de Natal tem\u00e1ticas de alinham em um caminho pelo complexo, criando uma impressionante exibi\u00e7\u00e3o de luzes. \u00c9, sem d\u00favida, um espet\u00e1culo de encantar qualquer um e que vale a pena conferir de pertinho!<\/p>\n\n\n\n<div style=\"height:40px\" aria-hidden=\"true\" class=\"wp-block-spacer\"><\/div>\n\n\n\n<h2 class=\"wp-block-heading\"><span class=\"ez-toc-section\" id=\"Arvore_de_Natal_iconica\"><\/span>\u00c1rvore de Natal ic\u00f4nica<span class=\"ez-toc-section-end\"><\/span><\/h2>\n\n\n\n<p>Iluminando o Rocket Garden e o Gateway, esta gigante \u00e1rvore de Natal tem cerca de 15 metros de altura e mais de 61 mil pixels de luz. Ou seja, n\u00e3o tem como n\u00e3o garantir aquela foto instagram\u00e1vel nela! <\/p>\n\n\n\n<div style=\"height:39px\" aria-hidden=\"true\" class=\"wp-block-spacer\"><\/div>\n\n\n\n<h2 class=\"wp-block-heading\"><span class=\"ez-toc-section\" id=\"Starflakes_Holiday_Voyage\"><\/span>Starflake\u2019s Holiday Voyage<span class=\"ez-toc-section-end\"><\/span><\/h2>\n\n\n\n<p>E n\u00e3o para por a\u00ed. \u00c0 noite ainda acontece um espet\u00e1culo inesquec\u00edvel de proje\u00e7\u00e3o, o <strong>Gateway: The Deep Space Launch Complex<\/strong>. Aqui, os visitantes embarcam em uma jornada de tirar o f\u00f4lego ao lado de <strong>Starflake<\/strong>, explorando as estrelas, viajando pela Terra e visitando locais ic\u00f4nicos como, por exemplo, o famoso <strong>Edif\u00edcio de Montagem de Ve\u00edculos<\/strong>, a impressionante <strong>Esta\u00e7\u00e3o Espacial Internacional<\/strong> e o revolucion\u00e1rio <strong>Telesc\u00f3pio James Webb<\/strong>. \u00c9 uma experi\u00eancia \u00fanica que conecta ci\u00eancia, tecnologia e emo\u00e7\u00e3o de forma surpreendente que, sem d\u00favida, vale a pena conferir!<\/p>\n\n\n\n<div style=\"height:40px\" aria-hidden=\"true\" class=\"wp-block-spacer\"><\/div>\n\n\n\n<figure class=\"wp-block-image size-full\"><img data-recalc-dims=\"1\" decoding=\"async\" width=\"850\" height=\"568\" data-src=\"https:\/\/i0.wp.com\/jornadaparaorlando.com.br\/web\/wp-content\/uploads\/2024\/11\/natal-holidays-in-space-kennedy-space-center2.jpg?resize=850%2C568&#038;ssl=1\" alt=\"Esfera da NASA no Kennedy Space Center decorada para o Natal\" class=\"wp-image-1415 lazyload\" data-srcset=\"https:\/\/i0.wp.com\/jornadaparaorlando.com.br\/web\/wp-content\/uploads\/2024\/11\/natal-holidays-in-space-kennedy-space-center2.jpg?w=850&amp;ssl=1 850w, https:\/\/i0.wp.com\/jornadaparaorlando.com.br\/web\/wp-content\/uploads\/2024\/11\/natal-holidays-in-space-kennedy-space-center2.jpg?resize=300%2C200&amp;ssl=1 300w, https:\/\/i0.wp.com\/jornadaparaorlando.com.br\/web\/wp-content\/uploads\/2024\/11\/natal-holidays-in-space-kennedy-space-center2.jpg?resize=768%2C513&amp;ssl=1 768w\" data-sizes=\"(max-width: 850px) 100vw, 850px\" src=\"data:image\/svg+xml;base64,PHN2ZyB3aWR0aD0iMSIgaGVpZ2h0PSIxIiB4bWxucz0iaHR0cDovL3d3dy53My5vcmcvMjAwMC9zdmciPjwvc3ZnPg==\" style=\"--smush-placeholder-width: 850px; --smush-placeholder-aspect-ratio: 850\/568;\" \/><\/figure>\n\n\n\n<div style=\"height:28px\" aria-hidden=\"true\" class=\"wp-block-spacer\"><\/div>\n\n\n\n<p>Al\u00e9m das atra\u00e7\u00f5es descritas acima, voc\u00ea ainda pode tirar fotos incr\u00edveis, seja com um dos quebra-nozes de astronautas de quase 2 metros de altura ou com a esfera da NASA, que virou uma linda bola de Natal.<\/p>\n\n\n\n<p>O Holidays in Space est\u00e1 incluso no ingresso regular do parque. Lembrando que <strong>no dia 25 de dezembro, o Kennedy Space Center estar\u00e1 fechado!<\/strong><\/p>\n\n\n\n<p>Para mais informa\u00e7\u00f5es sobre o evento, acesse o <strong><a href=\"https:\/\/www.kennedyspacecenter.com\/launches-and-events\/events-calendar\/2024\/december\/2024-holidays-in-space\" data-type=\"link\" data-id=\"https:\/\/www.kennedyspacecenter.com\/\" target=\"_blank\" rel=\"noreferrer noopener\">site oficial.<\/a><\/strong><\/p>\n\n\n\n<div style=\"height:256px\" aria-hidden=\"true\" class=\"wp-block-spacer\"><\/div>\n","protected":false},"excerpt":{"rendered":"<p>Se o Kennedy Space Center j\u00e1 \u00e9 legal durante o ano, imagine no Natal. E o complexo est\u00e1 preparando uma programa\u00e7\u00e3o especial de fim de ano para seus visitantes. Logo, de 20 a 30 de dezembro, o complexo celebra o Holidays in Space, se transformando num verdadeiro pa\u00eds das maravilhas natalinas. O evento tem patroc\u00ednio [&hellip;]<\/p>\n","protected":false},"author":1,"featured_media":1415,"comment_status":"closed","ping_status":"closed","sticky":false,"template":"","format":"standard","meta":{"om_disable_all_campaigns":false,"_monsterinsights_skip_tracking":false,"_monsterinsights_sitenote_active":false,"_monsterinsights_sitenote_note":"","_monsterinsights_sitenote_category":0,"_uf_show_specific_survey":0,"_uf_disable_surveys":false,"footnotes":"","jetpack_publicize_message":"","jetpack_publicize_feature_enabled":true,"jetpack_social_post_already_shared":false,"jetpack_social_options":{"image_generator_settings":{"template":"highway","enabled":false},"version":2}},"categories":[175],"tags":[],"class_list":["post-1412","post","type-post","status-publish","format-standard","has-post-thumbnail","hentry","category-kennedy-space-center"],"jetpack_publicize_connections":[],"jetpack_featured_media_url":"https:\/\/i0.wp.com\/jornadaparaorlando.com.br\/web\/wp-content\/uploads\/2024\/11\/natal-holidays-in-space-kennedy-space-center2.jpg?fit=850%2C568&ssl=1","jetpack_sharing_enabled":true,"_links":{"self":[{"href":"https:\/\/jornadaparaorlando.com.br\/web\/wp-json\/wp\/v2\/posts\/1412","targetHints":{"allow":["GET"]}}],"collection":[{"href":"https:\/\/jornadaparaorlando.com.br\/web\/wp-json\/wp\/v2\/posts"}],"about":[{"href":"https:\/\/jornadaparaorlando.com.br\/web\/wp-json\/wp\/v2\/types\/post"}],"author":[{"embeddable":true,"href":"https:\/\/jornadaparaorlando.com.br\/web\/wp-json\/wp\/v2\/users\/1"}],"replies":[{"embeddable":true,"href":"https:\/\/jornadaparaorlando.com.br\/web\/wp-json\/wp\/v2\/comments?post=1412"}],"version-history":[{"count":3,"href":"https:\/\/jornadaparaorlando.com.br\/web\/wp-json\/wp\/v2\/posts\/1412\/revisions"}],"predecessor-version":[{"id":2649,"href":"https:\/\/jornadaparaorlando.com.br\/web\/wp-json\/wp\/v2\/posts\/1412\/revisions\/2649"}],"wp:featuredmedia":[{"embeddable":true,"href":"https:\/\/jornadaparaorlando.com.br\/web\/wp-json\/wp\/v2\/media\/1415"}],"wp:attachment":[{"href":"https:\/\/jornadaparaorlando.com.br\/web\/wp-json\/wp\/v2\/media?parent=1412"}],"wp:term":[{"taxonomy":"category","embeddable":true,"href":"https:\/\/jornadaparaorlando.com.br\/web\/wp-json\/wp\/v2\/categories?post=1412"},{"taxonomy":"post_tag","embeddable":true,"href":"https:\/\/jornadaparaorlando.com.br\/web\/wp-json\/wp\/v2\/tags?post=1412"}],"curies":[{"name":"wp","href":"https:\/\/api.w.org\/{rel}","templated":true}]}}