{"id":1516,"date":"2025-01-08T12:40:31","date_gmt":"2025-01-08T15:40:31","guid":{"rendered":"https:\/\/jornadaparaorlando.com.br\/web\/?p=1516"},"modified":"2025-01-08T12:42:53","modified_gmt":"2025-01-08T15:42:53","slug":"programacao-completa-do-mardi-gras-2025-na-universal","status":"publish","type":"post","link":"https:\/\/jornadaparaorlando.com.br\/web\/programacao-completa-do-mardi-gras-2025-na-universal\/","title":{"rendered":"Universal Orlando: Confira a programa\u00e7\u00e3o completa do Mardi Gras 2025"},"content":{"rendered":"\n<figure class=\"wp-block-image size-full\"><img data-recalc-dims=\"1\" decoding=\"async\" width=\"850\" height=\"478\" data-src=\"https:\/\/i0.wp.com\/jornadaparaorlando.com.br\/web\/wp-content\/uploads\/2025\/01\/mardi-gras-2025-universal-orlando4.jpg?resize=850%2C478&#038;ssl=1\" alt=\"\" class=\"wp-image-1522 lazyload\" data-srcset=\"https:\/\/i0.wp.com\/jornadaparaorlando.com.br\/web\/wp-content\/uploads\/2025\/01\/mardi-gras-2025-universal-orlando4.jpg?w=850&amp;ssl=1 850w, https:\/\/i0.wp.com\/jornadaparaorlando.com.br\/web\/wp-content\/uploads\/2025\/01\/mardi-gras-2025-universal-orlando4.jpg?resize=300%2C169&amp;ssl=1 300w, https:\/\/i0.wp.com\/jornadaparaorlando.com.br\/web\/wp-content\/uploads\/2025\/01\/mardi-gras-2025-universal-orlando4.jpg?resize=768%2C432&amp;ssl=1 768w\" data-sizes=\"(max-width: 850px) 100vw, 850px\" src=\"data:image\/svg+xml;base64,PHN2ZyB3aWR0aD0iMSIgaGVpZ2h0PSIxIiB4bWxucz0iaHR0cDovL3d3dy53My5vcmcvMjAwMC9zdmciPjwvc3ZnPg==\" style=\"--smush-placeholder-width: 850px; --smush-placeholder-aspect-ratio: 850\/478;\" \/><figcaption class=\"wp-element-caption\"><em>Fotos: Divulga\u00e7\u00e3o<\/em><\/figcaption><\/figure>\n\n\n\n<div style=\"height:30px\" aria-hidden=\"true\" class=\"wp-block-spacer\"><\/div>\n\n\n\n<p>A Universal Orlando Resort divulgou a programa\u00e7\u00e3o completa do <strong>Mardi Gras 2025<\/strong>, que acontece entre os dias <strong>1\u00ba de fevereiro a 30 de mar\u00e7o de 2025, no Universal Studios<\/strong>, como j\u00e1 anunciamos <strong><a href=\"https:\/\/jornadaparaorlando.com.br\/web\/mardi-gras-2025-o-carnaval-da-universal-orlando-ja-tem-data-para-acontecer\/\" target=\"_blank\" rel=\"noreferrer noopener\">NESTE POST AQUI<\/a><\/strong>.<\/p>\n\n\n\n<p>O Mardi Gras \u00e9 uma celebra\u00e7\u00e3o tradicional que acontece antes do in\u00edcio da Quaresma e \u00e9 muito popular em lugares como Nova Orleans, nos Estados Unidos, e em algumas regi\u00f5es da Europa. Digamos que ele \u00e9 muito semelhante ao carnaval brasileiro, com desfiles de carros aleg\u00f3ricos, muita m\u00fasica e fantasias bem elaboradas.<\/p>\n\n\n\n<p>Este ano, o evento celebra seus 30 anos no parque com uma programa\u00e7\u00e3o especial com shows ao vivo, desfiles e muita gastronomia. \ud83d\ude0b<\/p>\n\n\n\n<div style=\"height:40px\" aria-hidden=\"true\" class=\"wp-block-spacer\"><\/div>\n\n\n\n<div id=\"ez-toc-container\" class=\"ez-toc-v2_0_82 counter-hierarchy ez-toc-counter ez-toc-grey ez-toc-container-direction\">\r\n<div class=\"ez-toc-title-container\">\r\n<span class=\"ez-toc-title-toggle\"><a href=\"#\" class=\"ez-toc-pull-right ez-toc-btn ez-toc-btn-xs ez-toc-btn-default ez-toc-toggle\" aria-label=\"Toggle Table of Content\"><span class=\"ez-toc-js-icon-con\"><span class=\"\"><span class=\"eztoc-hide\" style=\"display:none;\">Toggle<\/span><span class=\"ez-toc-icon-toggle-span\"><svg style=\"fill: #999;color:#999\" xmlns=\"http:\/\/www.w3.org\/2000\/svg\" class=\"list-377408\" width=\"20px\" height=\"20px\" viewBox=\"0 0 24 24\" fill=\"none\"><path d=\"M6 6H4v2h2V6zm14 0H8v2h12V6zM4 11h2v2H4v-2zm16 0H8v2h12v-2zM4 16h2v2H4v-2zm16 0H8v2h12v-2z\" fill=\"currentColor\"><\/path><\/svg><svg style=\"fill: #999;color:#999\" class=\"arrow-unsorted-368013\" xmlns=\"http:\/\/www.w3.org\/2000\/svg\" width=\"10px\" height=\"10px\" viewBox=\"0 0 24 24\" version=\"1.2\" baseProfile=\"tiny\"><path d=\"M18.2 9.3l-6.2-6.3-6.2 6.3c-.2.2-.3.4-.3.7s.1.5.3.7c.2.2.4.3.7.3h11c.3 0 .5-.1.7-.3.2-.2.3-.5.3-.7s-.1-.5-.3-.7zM5.8 14.7l6.2 6.3 6.2-6.3c.2-.2.3-.5.3-.7s-.1-.5-.3-.7c-.2-.2-.4-.3-.7-.3h-11c-.3 0-.5.1-.7.3-.2.2-.3.5-.3.7s.1.5.3.7z\"\/><\/svg><\/span><\/span><\/span><\/a><\/span><\/div>\r\n<nav><ul class='ez-toc-list ez-toc-list-level-1 ' ><li class='ez-toc-page-1 ez-toc-heading-level-2'><a class=\"ez-toc-link ez-toc-heading-1\" href=\"https:\/\/jornadaparaorlando.com.br\/web\/programacao-completa-do-mardi-gras-2025-na-universal\/#Shows_ao_vivo_reunem_nomes_internacionais_da_musica\" >Shows ao vivo re\u00fanem nomes internacionais da m\u00fasica<\/a><\/li><li class='ez-toc-page-1 ez-toc-heading-level-2'><a class=\"ez-toc-link ez-toc-heading-2\" href=\"https:\/\/jornadaparaorlando.com.br\/web\/programacao-completa-do-mardi-gras-2025-na-universal\/#Desfiles_contam_com_seis_novos_carros_alegoricos\" >Desfiles contam com seis novos carros aleg\u00f3ricos<\/a><\/li><li class='ez-toc-page-1 ez-toc-heading-level-2'><a class=\"ez-toc-link ez-toc-heading-3\" href=\"https:\/\/jornadaparaorlando.com.br\/web\/programacao-completa-do-mardi-gras-2025-na-universal\/#Mais_apresentacoes_ao_vivo_e_barracas_de_comida\" >Mais apresenta\u00e7\u00f5es ao vivo e barracas de comida<\/a><\/li><li class='ez-toc-page-1 ez-toc-heading-level-2'><a class=\"ez-toc-link ez-toc-heading-4\" href=\"https:\/\/jornadaparaorlando.com.br\/web\/programacao-completa-do-mardi-gras-2025-na-universal\/#Como_participar_do_Mardi_Gras\" >Como participar do Mardi Gras<\/a><\/li><li class='ez-toc-page-1 ez-toc-heading-level-2'><a class=\"ez-toc-link ez-toc-heading-5\" href=\"https:\/\/jornadaparaorlando.com.br\/web\/programacao-completa-do-mardi-gras-2025-na-universal\/#Dicas_e_recomendacoes_extras\" >Dicas e recomenda\u00e7\u00f5es extras<\/a><\/li><\/ul><\/nav><\/div>\r\n<h2 class=\"wp-block-heading\"><span class=\"ez-toc-section\" id=\"Shows_ao_vivo_reunem_nomes_internacionais_da_musica\"><\/span>Shows ao vivo re\u00fanem nomes internacionais da m\u00fasica<span class=\"ez-toc-section-end\"><\/span><\/h2>\n\n\n\n<figure class=\"wp-block-image size-full\"><img data-recalc-dims=\"1\" decoding=\"async\" width=\"850\" height=\"567\" data-src=\"https:\/\/i0.wp.com\/jornadaparaorlando.com.br\/web\/wp-content\/uploads\/2025\/01\/mardi-gras-2025-universal-orlando5.jpg?resize=850%2C567&#038;ssl=1\" alt=\"\" class=\"wp-image-1523 lazyload\" data-srcset=\"https:\/\/i0.wp.com\/jornadaparaorlando.com.br\/web\/wp-content\/uploads\/2025\/01\/mardi-gras-2025-universal-orlando5.jpg?w=850&amp;ssl=1 850w, https:\/\/i0.wp.com\/jornadaparaorlando.com.br\/web\/wp-content\/uploads\/2025\/01\/mardi-gras-2025-universal-orlando5.jpg?resize=300%2C200&amp;ssl=1 300w, https:\/\/i0.wp.com\/jornadaparaorlando.com.br\/web\/wp-content\/uploads\/2025\/01\/mardi-gras-2025-universal-orlando5.jpg?resize=768%2C512&amp;ssl=1 768w\" data-sizes=\"(max-width: 850px) 100vw, 850px\" src=\"data:image\/svg+xml;base64,PHN2ZyB3aWR0aD0iMSIgaGVpZ2h0PSIxIiB4bWxucz0iaHR0cDovL3d3dy53My5vcmcvMjAwMC9zdmciPjwvc3ZnPg==\" style=\"--smush-placeholder-width: 850px; --smush-placeholder-aspect-ratio: 850\/567;\" \/><\/figure>\n\n\n\n<div style=\"height:28px\" aria-hidden=\"true\" class=\"wp-block-spacer\"><\/div>\n\n\n\n<p>A programa\u00e7\u00e3o de shows do Mardi Gras 2025 re\u00fane uma s\u00e9rie de artistas musicais mais populares do mundo &#8211; incluindo o artista vencedor do Grammy T-Pain, o superstar Joe Jonas e o vencedor do Latin Grammym, Juanes. Todos os shows acontecem no Music Plaza Stage, dentro do Universal Studios, ap\u00f3s o desfile do Mardi Gras e em noites selecionas. Confia abaixo a programa\u00e7\u00e3o dos shows:<\/p>\n\n\n\n<figure class=\"wp-block-image size-full\"><img data-recalc-dims=\"1\" decoding=\"async\" width=\"850\" height=\"613\" data-src=\"https:\/\/i0.wp.com\/jornadaparaorlando.com.br\/web\/wp-content\/uploads\/2025\/01\/shows-mardi-gras-orlando-2025.jpg?resize=850%2C613&#038;ssl=1\" alt=\"\" class=\"wp-image-1517 lazyload\" data-srcset=\"https:\/\/i0.wp.com\/jornadaparaorlando.com.br\/web\/wp-content\/uploads\/2025\/01\/shows-mardi-gras-orlando-2025.jpg?w=850&amp;ssl=1 850w, https:\/\/i0.wp.com\/jornadaparaorlando.com.br\/web\/wp-content\/uploads\/2025\/01\/shows-mardi-gras-orlando-2025.jpg?resize=300%2C216&amp;ssl=1 300w, https:\/\/i0.wp.com\/jornadaparaorlando.com.br\/web\/wp-content\/uploads\/2025\/01\/shows-mardi-gras-orlando-2025.jpg?resize=768%2C554&amp;ssl=1 768w\" data-sizes=\"(max-width: 850px) 100vw, 850px\" src=\"data:image\/svg+xml;base64,PHN2ZyB3aWR0aD0iMSIgaGVpZ2h0PSIxIiB4bWxucz0iaHR0cDovL3d3dy53My5vcmcvMjAwMC9zdmciPjwvc3ZnPg==\" style=\"--smush-placeholder-width: 850px; --smush-placeholder-aspect-ratio: 850\/613;\" \/><\/figure>\n\n\n\n<div style=\"height:31px\" aria-hidden=\"true\" class=\"wp-block-spacer\"><\/div>\n\n\n\n<h2 class=\"wp-block-heading\"><span class=\"ez-toc-section\" id=\"Desfiles_contam_com_seis_novos_carros_alegoricos\"><\/span>Desfiles contam com seis novos carros aleg\u00f3ricos<span class=\"ez-toc-section-end\"><\/span><\/h2>\n\n\n\n<p>Este ano, o Mardi Gras conta com desfiles de seis novos carros aleg\u00f3ricos que, em noites selecionadas, encantar\u00e3o o p\u00fablico. Confira abaixo o mapa dos locais onde acontecem os desfiles noturnos.<\/p>\n\n\n\n<figure class=\"wp-block-image size-large\"><img data-recalc-dims=\"1\" decoding=\"async\" width=\"455\" height=\"1024\" data-src=\"https:\/\/i0.wp.com\/jornadaparaorlando.com.br\/web\/wp-content\/uploads\/2025\/01\/mardi-gras-2025-universal-orlando.jpg?resize=455%2C1024&#038;ssl=1\" alt=\"\" class=\"wp-image-1518 lazyload\" data-srcset=\"https:\/\/i0.wp.com\/jornadaparaorlando.com.br\/web\/wp-content\/uploads\/2025\/01\/mardi-gras-2025-universal-orlando-scaled.jpg?resize=455%2C1024&amp;ssl=1 455w, https:\/\/i0.wp.com\/jornadaparaorlando.com.br\/web\/wp-content\/uploads\/2025\/01\/mardi-gras-2025-universal-orlando-scaled.jpg?resize=133%2C300&amp;ssl=1 133w, https:\/\/i0.wp.com\/jornadaparaorlando.com.br\/web\/wp-content\/uploads\/2025\/01\/mardi-gras-2025-universal-orlando-scaled.jpg?resize=768%2C1728&amp;ssl=1 768w, https:\/\/i0.wp.com\/jornadaparaorlando.com.br\/web\/wp-content\/uploads\/2025\/01\/mardi-gras-2025-universal-orlando-scaled.jpg?resize=683%2C1536&amp;ssl=1 683w, https:\/\/i0.wp.com\/jornadaparaorlando.com.br\/web\/wp-content\/uploads\/2025\/01\/mardi-gras-2025-universal-orlando-scaled.jpg?resize=910%2C2048&amp;ssl=1 910w, https:\/\/i0.wp.com\/jornadaparaorlando.com.br\/web\/wp-content\/uploads\/2025\/01\/mardi-gras-2025-universal-orlando-scaled.jpg?w=1138&amp;ssl=1 1138w\" data-sizes=\"(max-width: 455px) 100vw, 455px\" src=\"data:image\/svg+xml;base64,PHN2ZyB3aWR0aD0iMSIgaGVpZ2h0PSIxIiB4bWxucz0iaHR0cDovL3d3dy53My5vcmcvMjAwMC9zdmciPjwvc3ZnPg==\" style=\"--smush-placeholder-width: 455px; --smush-placeholder-aspect-ratio: 455\/1024;\" \/><\/figure>\n\n\n\n<div style=\"height:39px\" aria-hidden=\"true\" class=\"wp-block-spacer\"><\/div>\n\n\n\n<figure class=\"wp-block-image size-full\"><img data-recalc-dims=\"1\" decoding=\"async\" width=\"850\" height=\"567\" data-src=\"https:\/\/i0.wp.com\/jornadaparaorlando.com.br\/web\/wp-content\/uploads\/2025\/01\/mardi-gras-2025-universal-orlando1.jpg?resize=850%2C567&#038;ssl=1\" alt=\"\" class=\"wp-image-1519 lazyload\" data-srcset=\"https:\/\/i0.wp.com\/jornadaparaorlando.com.br\/web\/wp-content\/uploads\/2025\/01\/mardi-gras-2025-universal-orlando1.jpg?w=850&amp;ssl=1 850w, https:\/\/i0.wp.com\/jornadaparaorlando.com.br\/web\/wp-content\/uploads\/2025\/01\/mardi-gras-2025-universal-orlando1.jpg?resize=300%2C200&amp;ssl=1 300w, https:\/\/i0.wp.com\/jornadaparaorlando.com.br\/web\/wp-content\/uploads\/2025\/01\/mardi-gras-2025-universal-orlando1.jpg?resize=768%2C512&amp;ssl=1 768w\" data-sizes=\"(max-width: 850px) 100vw, 850px\" src=\"data:image\/svg+xml;base64,PHN2ZyB3aWR0aD0iMSIgaGVpZ2h0PSIxIiB4bWxucz0iaHR0cDovL3d3dy53My5vcmcvMjAwMC9zdmciPjwvc3ZnPg==\" style=\"--smush-placeholder-width: 850px; --smush-placeholder-aspect-ratio: 850\/567;\" \/><\/figure>\n\n\n\n<div style=\"height:31px\" aria-hidden=\"true\" class=\"wp-block-spacer\"><\/div>\n\n\n\n<p>Voc\u00ea tem duas maneiras de participar do desfile: como um <strong>Bead Catcher <\/strong>(apanhador de mi\u00e7angas) ou <strong>Bead Thrower<\/strong> (lan\u00e7ador de mi\u00e7angas). Como assim, Ju? Calma que eu te explico!<\/p>\n\n\n\n<p>Uma das tradi\u00e7\u00f5es do Mardi Gras (especialmente em Nova Orleans) s\u00e3o colares de <strong>mi\u00e7angas<\/strong> feitas de pl\u00e1stico e com cores vibrantes. Normalmente, neste evento, s\u00e3o usadas as cores roxo (que simboliza a justi\u00e7a), verde (que simboliza a f\u00e9) e dourado (que simboliza o poder). Durante os desfiles, estes colares s\u00e3o arremessados para o p\u00fablico como uma forma de interagir e envolver os espectadores. <\/p>\n\n\n\n<p>Por isso, durante o desfile, voc\u00ea pode participar tanto em cima dos carros aleg\u00f3ricos arremessando os colares, como os apanhando no meio do p\u00fablico. Vale lembrar somente que para ser um arremessador \u00e9 necess\u00e1rio se inscrever no aplicativo oficial do Universal Orlando no dia da sua visita ao parque pois as vagas s\u00e3o limitadas. <\/p>\n\n\n\n<div style=\"height:41px\" aria-hidden=\"true\" class=\"wp-block-spacer\"><\/div>\n\n\n\n<h2 class=\"wp-block-heading\"><span class=\"ez-toc-section\" id=\"Mais_apresentacoes_ao_vivo_e_barracas_de_comida\"><\/span>Mais apresenta\u00e7\u00f5es ao vivo e barracas de comida<span class=\"ez-toc-section-end\"><\/span><\/h2>\n\n\n\n<p>Al\u00e9m de toda essa programa\u00e7\u00e3o, no French Quarter Courtyard, na \u00e1rea de Nova York, voc\u00ea ainda pode desfrutar de mais m\u00fasicas ao vivo enquanto passeia por barraquinhas de comida e bebida, al\u00e9m de poder tirar fotos com artistas incr\u00edveis e divertidos do Mardi Gras. \ud83d\udcf8<\/p>\n\n\n\n<figure class=\"wp-block-image size-full\"><img data-recalc-dims=\"1\" decoding=\"async\" width=\"850\" height=\"567\" data-src=\"https:\/\/i0.wp.com\/jornadaparaorlando.com.br\/web\/wp-content\/uploads\/2025\/01\/mardi-gras-2025-universal-orlando2.jpg?resize=850%2C567&#038;ssl=1\" alt=\"\" class=\"wp-image-1520 lazyload\" data-srcset=\"https:\/\/i0.wp.com\/jornadaparaorlando.com.br\/web\/wp-content\/uploads\/2025\/01\/mardi-gras-2025-universal-orlando2.jpg?w=850&amp;ssl=1 850w, https:\/\/i0.wp.com\/jornadaparaorlando.com.br\/web\/wp-content\/uploads\/2025\/01\/mardi-gras-2025-universal-orlando2.jpg?resize=300%2C200&amp;ssl=1 300w, https:\/\/i0.wp.com\/jornadaparaorlando.com.br\/web\/wp-content\/uploads\/2025\/01\/mardi-gras-2025-universal-orlando2.jpg?resize=768%2C512&amp;ssl=1 768w\" data-sizes=\"(max-width: 850px) 100vw, 850px\" src=\"data:image\/svg+xml;base64,PHN2ZyB3aWR0aD0iMSIgaGVpZ2h0PSIxIiB4bWxucz0iaHR0cDovL3d3dy53My5vcmcvMjAwMC9zdmciPjwvc3ZnPg==\" style=\"--smush-placeholder-width: 850px; --smush-placeholder-aspect-ratio: 850\/567;\" \/><\/figure>\n\n\n\n<div style=\"height:41px\" aria-hidden=\"true\" class=\"wp-block-spacer\"><\/div>\n\n\n\n<h2 class=\"wp-block-heading\"><span class=\"ez-toc-section\" id=\"Como_participar_do_Mardi_Gras\"><\/span>Como participar do Mardi Gras<span class=\"ez-toc-section-end\"><\/span><\/h2>\n\n\n\n<p>Sabe o que \u00e9 mais legal? Que <strong>o Mardi Gras \u00e9 um evento que j\u00e1 est\u00e1 incluso no seu ingresso regular do parque, ou seja, voc\u00ea n\u00e3o precisa pagar nada a mais por ele!<\/strong><\/p>\n\n\n\n<p>E n\u00e3o acabou! <strong>Voc\u00ea ainda pode ir em todos os brinquedos at\u00e9 o fechamento do parque! <\/strong>Est\u00e1 a\u00ed mais um motivo para voc\u00ea n\u00e3o perder o Mardi Gras da Universal!<\/p>\n\n\n\n<div style=\"height:40px\" aria-hidden=\"true\" class=\"wp-block-spacer\"><\/div>\n\n\n\n<h2 class=\"wp-block-heading\"><span class=\"ez-toc-section\" id=\"Dicas_e_recomendacoes_extras\"><\/span>Dicas e recomenda\u00e7\u00f5es extras<span class=\"ez-toc-section-end\"><\/span><\/h2>\n\n\n\n<ul class=\"wp-block-list\">\n<li>Levando em considera\u00e7\u00e3o que o Mardi Gras \u00e9 um evento bem popular na Universal e que, portanto, re\u00fane um grande n\u00famero de pessoas, \u00e9 muito comum que durante os dias de evento o parque esteja mais cheio.<\/li>\n\n\n\n<li>Participar do desfile como um Bead Thrower (arremessador) \u00e9 bem concorrido. Por isso, \u00e9 necess\u00e1rio ficar atento ao aplicativo da Universal para verificar o momento em que eles abrem as inscri\u00e7\u00f5es. <\/li>\n\n\n\n<li>Ambas as formas de participa\u00e7\u00e3o do desfile (Bead Catcher e Bead Thrower) s\u00e3o divertidas e voc\u00ea pode participar das duas, indo uma noite como arremessador e na outra como apanhador. Tenha em mente somente que, como arremessador, voc\u00ea ter\u00e1 que esperar o desfile terminar para sair o carro aleg\u00f3rico e isso pode signifcar chegar com um certo atraso aos shows, caso queira assisti-los.<\/li>\n\n\n\n<li>Como apanhador, o melhor lugar para assistir aos desfiles \u00e9 na \u00e1rea de Hollywood, onde come\u00e7a e termina o desfile. Outro local \u00e9 a \u00e1rea de Nova York, logo ap\u00f3s o Finnegan&#8217;s Bar &amp; Grill. <\/li>\n\n\n\n<li>Sobre os shows&#8230; chegue cedo para garantir um bom lugar! O ideal, \u00e9 cerca de 2 a 3 horas antes do in\u00edcio do show (simm&#8230; estou dizendo que \u00e9 bem concorrido!). A \u00e1rea do gramado enche rapidamente.<\/li>\n\n\n\n<li>Est\u00e1 na fila, n\u00e3o pode sair e bateu aquela fome? N\u00e3o se preocupe! Pelo aplicativo da Universal, voc\u00ea consegue pedir comida e os funcion\u00e1rios se encarregam de levar at\u00e9 voc\u00ea! Demais, n\u00e9?<\/li>\n\n\n\n<li>Caso queira aproveitar para saborear uma guloseima e assistir a alguma apresenta\u00e7\u00e3o no French Quarter Courtyard, recomendo chegar cedo para pegar um banco ou mesa, j\u00e1 que esta \u00e1rea costuma ficar um pouco lotada \u00e0 noite, especialmente quando se aproxima a hora do desfile.<\/li>\n<\/ul>\n\n\n\n<p> <\/p>\n\n\n\n<p>Para mais informa\u00e7\u00f5es sobre o Mardi Gras, recomendo verificar no site oficial da Universal, <strong><a href=\"https:\/\/www.universalorlando.com\/web\/pt\/br\/things-to-do\/events\/mardi-gras?__source=rd..prr..eng..cevs..cmg..bj..len..adv..do..exna..pna..poof..cuo..pw..tgm..ofr..fc.AP6MOF-Vanity-01102019\" target=\"_blank\" rel=\"noreferrer noopener\">CLICANDO AQUI.<\/a><\/strong> E, n\u00e3o esque\u00e7a: se participar do Mardi Gras deste ano, tire suas fotos e compartilhe nas redes sociais usando a hashtag <strong>#DicasdaJornadaParaOrlando<\/strong>! \ud83d\ude09<\/p>\n","protected":false},"excerpt":{"rendered":"<p>A Universal Orlando Resort divulgou a programa\u00e7\u00e3o completa do Mardi Gras 2025, que acontece entre os dias 1\u00ba de fevereiro a 30 de mar\u00e7o de 2025, no Universal Studios, como j\u00e1 anunciamos NESTE POST AQUI. O Mardi Gras \u00e9 uma celebra\u00e7\u00e3o tradicional que acontece antes do in\u00edcio da Quaresma e \u00e9 muito popular em lugares [&hellip;]<\/p>\n","protected":false},"author":1,"featured_media":1520,"comment_status":"closed","ping_status":"closed","sticky":false,"template":"","format":"standard","meta":{"om_disable_all_campaigns":false,"_monsterinsights_skip_tracking":false,"_monsterinsights_sitenote_active":false,"_monsterinsights_sitenote_note":"","_monsterinsights_sitenote_category":0,"_uf_show_specific_survey":0,"_uf_disable_surveys":false,"footnotes":"","jetpack_publicize_message":"","jetpack_publicize_feature_enabled":true,"jetpack_social_post_already_shared":false,"jetpack_social_options":{"image_generator_settings":{"template":"highway","enabled":false},"version":2}},"categories":[5],"tags":[],"class_list":["post-1516","post","type-post","status-publish","format-standard","has-post-thumbnail","hentry","category-universal-orlando"],"jetpack_publicize_connections":[],"jetpack_featured_media_url":"https:\/\/i0.wp.com\/jornadaparaorlando.com.br\/web\/wp-content\/uploads\/2025\/01\/mardi-gras-2025-universal-orlando2.jpg?fit=850%2C567&ssl=1","jetpack_sharing_enabled":true,"_links":{"self":[{"href":"https:\/\/jornadaparaorlando.com.br\/web\/wp-json\/wp\/v2\/posts\/1516","targetHints":{"allow":["GET"]}}],"collection":[{"href":"https:\/\/jornadaparaorlando.com.br\/web\/wp-json\/wp\/v2\/posts"}],"about":[{"href":"https:\/\/jornadaparaorlando.com.br\/web\/wp-json\/wp\/v2\/types\/post"}],"author":[{"embeddable":true,"href":"https:\/\/jornadaparaorlando.com.br\/web\/wp-json\/wp\/v2\/users\/1"}],"replies":[{"embeddable":true,"href":"https:\/\/jornadaparaorlando.com.br\/web\/wp-json\/wp\/v2\/comments?post=1516"}],"version-history":[{"count":3,"href":"https:\/\/jornadaparaorlando.com.br\/web\/wp-json\/wp\/v2\/posts\/1516\/revisions"}],"predecessor-version":[{"id":1527,"href":"https:\/\/jornadaparaorlando.com.br\/web\/wp-json\/wp\/v2\/posts\/1516\/revisions\/1527"}],"wp:featuredmedia":[{"embeddable":true,"href":"https:\/\/jornadaparaorlando.com.br\/web\/wp-json\/wp\/v2\/media\/1520"}],"wp:attachment":[{"href":"https:\/\/jornadaparaorlando.com.br\/web\/wp-json\/wp\/v2\/media?parent=1516"}],"wp:term":[{"taxonomy":"category","embeddable":true,"href":"https:\/\/jornadaparaorlando.com.br\/web\/wp-json\/wp\/v2\/categories?post=1516"},{"taxonomy":"post_tag","embeddable":true,"href":"https:\/\/jornadaparaorlando.com.br\/web\/wp-json\/wp\/v2\/tags?post=1516"}],"curies":[{"name":"wp","href":"https:\/\/api.w.org\/{rel}","templated":true}]}}