{"id":2645,"date":"2025-07-03T15:48:29","date_gmt":"2025-07-03T18:48:29","guid":{"rendered":"https:\/\/jornadaparaorlando.com.br\/web\/?p=2645"},"modified":"2025-07-03T16:52:10","modified_gmt":"2025-07-03T19:52:10","slug":"marcos-pontes-no-kennedy-space-center","status":"publish","type":"post","link":"https:\/\/jornadaparaorlando.com.br\/web\/marcos-pontes-no-kennedy-space-center\/","title":{"rendered":"Astronauta Marcos Pontes estar\u00e1 no Kennedy Space Center"},"content":{"rendered":"\n<div style=\"height:56px\" aria-hidden=\"true\" class=\"wp-block-spacer\"><\/div>\n\n\n\n<p>Se voc\u00ea tem crian\u00e7as em casa \u2013 assim como eu! \u2013 e quer um passeio diferente pela Fl\u00f3rida, anota essa dica: <strong>o astronauta Marcos Pontes estar\u00e1 no Kennedy Space Center para um evento especial.<\/strong><\/p>\n\n\n\n<p>Imagine a emo\u00e7\u00e3o de levar a garotada para ouvir de pertinho as hist\u00f3rias de quem j\u00e1 viajou para o espa\u00e7o e se tornou um verdadeiro exemplo de inspira\u00e7\u00e3o e coragem!<\/p>\n\n\n\n<div style=\"height:56px\" aria-hidden=\"true\" class=\"wp-block-spacer\"><\/div>\n\n\n\n<div id=\"ez-toc-container\" class=\"ez-toc-v2_0_82 counter-hierarchy ez-toc-counter ez-toc-grey ez-toc-container-direction\">\r\n<div class=\"ez-toc-title-container\">\r\n<span class=\"ez-toc-title-toggle\"><a href=\"#\" class=\"ez-toc-pull-right ez-toc-btn ez-toc-btn-xs ez-toc-btn-default ez-toc-toggle\" aria-label=\"Toggle Table of Content\"><span class=\"ez-toc-js-icon-con\"><span class=\"\"><span class=\"eztoc-hide\" style=\"display:none;\">Toggle<\/span><span class=\"ez-toc-icon-toggle-span\"><svg style=\"fill: #999;color:#999\" xmlns=\"http:\/\/www.w3.org\/2000\/svg\" class=\"list-377408\" width=\"20px\" height=\"20px\" viewBox=\"0 0 24 24\" fill=\"none\"><path d=\"M6 6H4v2h2V6zm14 0H8v2h12V6zM4 11h2v2H4v-2zm16 0H8v2h12v-2zM4 16h2v2H4v-2zm16 0H8v2h12v-2z\" fill=\"currentColor\"><\/path><\/svg><svg style=\"fill: #999;color:#999\" class=\"arrow-unsorted-368013\" xmlns=\"http:\/\/www.w3.org\/2000\/svg\" width=\"10px\" height=\"10px\" viewBox=\"0 0 24 24\" version=\"1.2\" baseProfile=\"tiny\"><path d=\"M18.2 9.3l-6.2-6.3-6.2 6.3c-.2.2-.3.4-.3.7s.1.5.3.7c.2.2.4.3.7.3h11c.3 0 .5-.1.7-.3.2-.2.3-.5.3-.7s-.1-.5-.3-.7zM5.8 14.7l6.2 6.3 6.2-6.3c.2-.2.3-.5.3-.7s-.1-.5-.3-.7c-.2-.2-.4-.3-.7-.3h-11c-.3 0-.5.1-.7.3-.2.2-.3.5-.3.7s.1.5.3.7z\"\/><\/svg><\/span><\/span><\/span><\/a><\/span><\/div>\r\n<nav><ul class='ez-toc-list ez-toc-list-level-1 ' ><li class='ez-toc-page-1 ez-toc-heading-level-2'><a class=\"ez-toc-link ez-toc-heading-1\" href=\"https:\/\/jornadaparaorlando.com.br\/web\/marcos-pontes-no-kennedy-space-center\/#Um_encontro_historico_com_o_astronauta_Marcos_Pontes\" >Um encontro hist\u00f3rico com o astronauta Marcos Pontes<\/a><\/li><li class='ez-toc-page-1 ez-toc-heading-level-2'><a class=\"ez-toc-link ez-toc-heading-2\" href=\"https:\/\/jornadaparaorlando.com.br\/web\/marcos-pontes-no-kennedy-space-center\/#O_que_esperar_do_evento_no_Kennedy_Space_Center\" >O que esperar do evento no Kennedy Space Center<\/a><\/li><li class='ez-toc-page-1 ez-toc-heading-level-2'><a class=\"ez-toc-link ez-toc-heading-3\" href=\"https:\/\/jornadaparaorlando.com.br\/web\/marcos-pontes-no-kennedy-space-center\/#Ingressos_e_como_participar\" >Ingressos e como participar<\/a><\/li><li class='ez-toc-page-1 ez-toc-heading-level-2'><a class=\"ez-toc-link ez-toc-heading-4\" href=\"https:\/\/jornadaparaorlando.com.br\/web\/marcos-pontes-no-kennedy-space-center\/#Aproveite_as_outras_atracoes_do_Kennedy_Space_Center\" >Aproveite as outras atra\u00e7\u00f5es do Kennedy Space Center<\/a><\/li><\/ul><\/nav><\/div>\r\n<h2 class=\"wp-block-heading\"><span class=\"ez-toc-section\" id=\"Um_encontro_historico_com_o_astronauta_Marcos_Pontes\"><\/span>Um encontro hist\u00f3rico com o astronauta Marcos Pontes <span class=\"ez-toc-section-end\"><\/span><\/h2>\n\n\n\n<p>Esse encontro acontece entre os dias <strong>14 e 18 de julho de 2025<\/strong> e \u00e9 uma oportunidade incr\u00edvel de conhecer pessoalmente o primeiro astronauta brasileiro, que entrou para a hist\u00f3ria ao participar de uma miss\u00e3o espacial e representar o Brasil fora do planeta!<\/p>\n\n\n\n<figure class=\"wp-block-image size-full\"><img data-recalc-dims=\"1\" decoding=\"async\" width=\"900\" height=\"675\" data-src=\"https:\/\/i0.wp.com\/jornadaparaorlando.com.br\/web\/wp-content\/uploads\/2025\/07\/astronauta-brasileiro-marcos-pontes-kennedy-space-center.webp?resize=900%2C675&#038;ssl=1\" alt=\"Astronauta brasileiro Marcos Pontes no Kennedy Space Center, da Fl\u00f3rida\" class=\"wp-image-2646 lazyload\" data-srcset=\"https:\/\/i0.wp.com\/jornadaparaorlando.com.br\/web\/wp-content\/uploads\/2025\/07\/astronauta-brasileiro-marcos-pontes-kennedy-space-center.webp?w=900&amp;ssl=1 900w, https:\/\/i0.wp.com\/jornadaparaorlando.com.br\/web\/wp-content\/uploads\/2025\/07\/astronauta-brasileiro-marcos-pontes-kennedy-space-center.webp?resize=300%2C225&amp;ssl=1 300w, https:\/\/i0.wp.com\/jornadaparaorlando.com.br\/web\/wp-content\/uploads\/2025\/07\/astronauta-brasileiro-marcos-pontes-kennedy-space-center.webp?resize=768%2C576&amp;ssl=1 768w\" data-sizes=\"(max-width: 900px) 100vw, 900px\" src=\"data:image\/svg+xml;base64,PHN2ZyB3aWR0aD0iMSIgaGVpZ2h0PSIxIiB4bWxucz0iaHR0cDovL3d3dy53My5vcmcvMjAwMC9zdmciPjwvc3ZnPg==\" style=\"--smush-placeholder-width: 900px; --smush-placeholder-aspect-ratio: 900\/675;\" \/><figcaption class=\"wp-element-caption\"><em>Foto: Site Kennedy Space Center<\/em><\/figcaption><\/figure>\n\n\n\n<div style=\"height:56px\" aria-hidden=\"true\" class=\"wp-block-spacer\"><\/div>\n\n\n\n<h2 class=\"wp-block-heading\"><span class=\"ez-toc-section\" id=\"O_que_esperar_do_evento_no_Kennedy_Space_Center\"><\/span>O que esperar do evento no Kennedy Space Center<span class=\"ez-toc-section-end\"><\/span><\/h2>\n\n\n\n<p>Durante o encontro com o astronauta, voc\u00ea poder\u00e1 assistir a uma palestra exclusiva em que Marcos Pontes vai contar detalhes da miss\u00e3o que o levou ao espa\u00e7o e compartilhar curiosidades sobre a carreira na NASA e na Ag\u00eancia Espacial Brasileira e os desafios de se tornar astronauta. Ou seja, \u00e9 uma experi\u00eancia para crian\u00e7as \u2013 e tamb\u00e9m adultos! \u2013 que inspira a acreditarem nos seus sonhos.<\/p>\n\n\n\n<div style=\"height:56px\" aria-hidden=\"true\" class=\"wp-block-spacer\"><\/div>\n\n\n\n<h2 class=\"wp-block-heading\"><span class=\"ez-toc-section\" id=\"Ingressos_e_como_participar\"><\/span>Ingressos e como participar<span class=\"ez-toc-section-end\"><\/span><\/h2>\n\n\n\n<p>O ingresso para o evento no Kennedy Space Center j\u00e1 est\u00e1 inclu\u00eddo no ticket de entrado do complexo, mas as vagas s\u00e3o limitadas e, por isso, \u00e9 essencial garantir seus ingressos com anteced\u00eancia. Al\u00e9m da apresenta\u00e7\u00e3o, ser\u00e1 poss\u00edvel tirar fotos e pegar aut\u00f3grafos, tornando o passeio ainda mais especial.<\/p>\n\n\n\n<div style=\"height:56px\" aria-hidden=\"true\" class=\"wp-block-spacer\"><\/div>\n\n\n\n<h2 class=\"wp-block-heading\"><span class=\"ez-toc-section\" id=\"Aproveite_as_outras_atracoes_do_Kennedy_Space_Center\"><\/span>Aproveite as outras atra\u00e7\u00f5es do Kennedy Space Center<span class=\"ez-toc-section-end\"><\/span><\/h2>\n\n\n\n<p>Depois de conhecer o astronauta brasileiro Marcos Pontes, voc\u00ea pode aproveitar as outras atra\u00e7\u00f5es do Kennedy Space Center. Entre elas, est\u00e3o o Space Shuttle Atlantis, as simula\u00e7\u00f5es de lan\u00e7amento e as exposi\u00e7\u00f5es interativas que contam a hist\u00f3ria da explora\u00e7\u00e3o espacial de maneira emocionante.<\/p>\n\n\n\n<p>Para conferir detalhes, hor\u00e1rios e adquirir seus ingressos, visite o <strong><a href=\"https:\/\/www.kennedyspacecenter.com\/event\/meet-astronaut-marcos-pontes\/\" target=\"_blank\" rel=\"noreferrer noopener\">site oficial do Kennedy Space Center<\/a><\/strong>.<\/p>\n\n\n\n<div style=\"height:250px\" aria-hidden=\"true\" class=\"wp-block-spacer\"><\/div>\n\n\n\n<p><strong>Post relacionado:<\/strong><\/p>\n\n\n\n<p>\ud83d\udc49 <strong><a href=\"https:\/\/jornadaparaorlando.com.br\/web\/atracoes-fora-parques-de-orlando\/\" target=\"_blank\" rel=\"noreferrer noopener\">Al\u00e9m dos parques: 22 atra\u00e7\u00f5es imperd\u00edveis em Orlando<\/a><\/strong><\/p>\n\n\n\n<p><\/p>\n","protected":false},"excerpt":{"rendered":"<p>Se voc\u00ea tem crian\u00e7as em casa \u2013 assim como eu! \u2013 e quer um passeio diferente pela Fl\u00f3rida, anota essa dica: o astronauta Marcos Pontes estar\u00e1 no Kennedy Space Center para um evento especial. Imagine a emo\u00e7\u00e3o de levar a garotada para ouvir de pertinho as hist\u00f3rias de quem j\u00e1 viajou para o espa\u00e7o e [&hellip;]<\/p>\n","protected":false},"author":1,"featured_media":2646,"comment_status":"closed","ping_status":"closed","sticky":false,"template":"","format":"standard","meta":{"om_disable_all_campaigns":false,"_monsterinsights_skip_tracking":false,"_monsterinsights_sitenote_active":false,"_monsterinsights_sitenote_note":"","_monsterinsights_sitenote_category":0,"_uf_show_specific_survey":0,"_uf_disable_surveys":false,"footnotes":"","jetpack_publicize_message":"","jetpack_publicize_feature_enabled":true,"jetpack_social_post_already_shared":true,"jetpack_social_options":{"image_generator_settings":{"template":"highway","default_image_id":0,"font":"","enabled":false},"version":2}},"categories":[175],"tags":[],"class_list":["post-2645","post","type-post","status-publish","format-standard","has-post-thumbnail","hentry","category-kennedy-space-center"],"jetpack_publicize_connections":[],"jetpack_featured_media_url":"https:\/\/i0.wp.com\/jornadaparaorlando.com.br\/web\/wp-content\/uploads\/2025\/07\/astronauta-brasileiro-marcos-pontes-kennedy-space-center.webp?fit=900%2C675&ssl=1","jetpack_sharing_enabled":true,"_links":{"self":[{"href":"https:\/\/jornadaparaorlando.com.br\/web\/wp-json\/wp\/v2\/posts\/2645","targetHints":{"allow":["GET"]}}],"collection":[{"href":"https:\/\/jornadaparaorlando.com.br\/web\/wp-json\/wp\/v2\/posts"}],"about":[{"href":"https:\/\/jornadaparaorlando.com.br\/web\/wp-json\/wp\/v2\/types\/post"}],"author":[{"embeddable":true,"href":"https:\/\/jornadaparaorlando.com.br\/web\/wp-json\/wp\/v2\/users\/1"}],"replies":[{"embeddable":true,"href":"https:\/\/jornadaparaorlando.com.br\/web\/wp-json\/wp\/v2\/comments?post=2645"}],"version-history":[{"count":1,"href":"https:\/\/jornadaparaorlando.com.br\/web\/wp-json\/wp\/v2\/posts\/2645\/revisions"}],"predecessor-version":[{"id":2647,"href":"https:\/\/jornadaparaorlando.com.br\/web\/wp-json\/wp\/v2\/posts\/2645\/revisions\/2647"}],"wp:featuredmedia":[{"embeddable":true,"href":"https:\/\/jornadaparaorlando.com.br\/web\/wp-json\/wp\/v2\/media\/2646"}],"wp:attachment":[{"href":"https:\/\/jornadaparaorlando.com.br\/web\/wp-json\/wp\/v2\/media?parent=2645"}],"wp:term":[{"taxonomy":"category","embeddable":true,"href":"https:\/\/jornadaparaorlando.com.br\/web\/wp-json\/wp\/v2\/categories?post=2645"},{"taxonomy":"post_tag","embeddable":true,"href":"https:\/\/jornadaparaorlando.com.br\/web\/wp-json\/wp\/v2\/tags?post=2645"}],"curies":[{"name":"wp","href":"https:\/\/api.w.org\/{rel}","templated":true}]}}