{"id":2730,"date":"2025-07-22T16:26:50","date_gmt":"2025-07-22T19:26:50","guid":{"rendered":"https:\/\/jornadaparaorlando.com.br\/web\/?p=2730"},"modified":"2025-07-22T16:27:00","modified_gmt":"2025-07-22T19:27:00","slug":"nova-area-tematica-espacial-chega-a-legoland-florida","status":"publish","type":"post","link":"https:\/\/jornadaparaorlando.com.br\/web\/nova-area-tematica-espacial-chega-a-legoland-florida\/","title":{"rendered":"Nova \u00e1rea tem\u00e1tica espacial chega \u00e0 LEGOLAND Fl\u00f3rida"},"content":{"rendered":"\n<div style=\"height:51px\" aria-hidden=\"true\" class=\"wp-block-spacer\"><\/div>\n\n\n\n<p>Uma <strong>nova \u00e1rea com tem\u00e1tica espacial<\/strong> est\u00e1 prestes a chegar na <strong>Legoland Florida<\/strong> e promete agradar n\u00e3o s\u00f3 crian\u00e7as, mas tamb\u00e9m os adultos!<\/p>\n\n\n\n<p>O projeto promete tornar a experi\u00eancia do visitante ainda mais incr\u00edvel e imersiva e \u00e9 uma excelente not\u00edcia para quem est\u00e1 planejando a visita para Orlando no pr\u00f3ximo ano, j\u00e1 que a previs\u00e3o \u00e9 que a abertura seja feita logo no in\u00edcio de 2026.<\/p>\n\n\n\n<p>Este, ali\u00e1s, ser\u00e1 a maior expans\u00e3o da hist\u00f3ria do resort.<\/p>\n\n\n\n<div style=\"height:31px\" aria-hidden=\"true\" class=\"wp-block-spacer\"><\/div>\n\n\n\n<figure class=\"wp-block-image size-full\"><img data-recalc-dims=\"1\" decoding=\"async\" width=\"900\" height=\"506\" data-src=\"https:\/\/i0.wp.com\/jornadaparaorlando.com.br\/web\/wp-content\/uploads\/2025\/07\/area-espacial-legoland-florida2.webp?resize=900%2C506&#038;ssl=1\" alt=\"Imagem conceitual da nova \u00e1rea da Legoland Florida com tem\u00e1tica espacial que chega ao parque em 2026\" class=\"wp-image-2732 lazyload\" data-srcset=\"https:\/\/i0.wp.com\/jornadaparaorlando.com.br\/web\/wp-content\/uploads\/2025\/07\/area-espacial-legoland-florida2.webp?w=900&amp;ssl=1 900w, https:\/\/i0.wp.com\/jornadaparaorlando.com.br\/web\/wp-content\/uploads\/2025\/07\/area-espacial-legoland-florida2.webp?resize=300%2C169&amp;ssl=1 300w, https:\/\/i0.wp.com\/jornadaparaorlando.com.br\/web\/wp-content\/uploads\/2025\/07\/area-espacial-legoland-florida2.webp?resize=768%2C432&amp;ssl=1 768w\" data-sizes=\"(max-width: 900px) 100vw, 900px\" src=\"data:image\/svg+xml;base64,PHN2ZyB3aWR0aD0iMSIgaGVpZ2h0PSIxIiB4bWxucz0iaHR0cDovL3d3dy53My5vcmcvMjAwMC9zdmciPjwvc3ZnPg==\" style=\"--smush-placeholder-width: 900px; --smush-placeholder-aspect-ratio: 900\/506;\" \/><figcaption class=\"wp-element-caption\"><em>Imagens: Divulga\u00e7\u00e3o\/Merlin Entertainments<\/em><\/figcaption><\/figure>\n\n\n\n<div style=\"height:51px\" aria-hidden=\"true\" class=\"wp-block-spacer\"><\/div>\n\n\n\n<div id=\"ez-toc-container\" class=\"ez-toc-v2_0_82 counter-hierarchy ez-toc-counter ez-toc-grey ez-toc-container-direction\">\r\n<div class=\"ez-toc-title-container\">\r\n<span class=\"ez-toc-title-toggle\"><a href=\"#\" class=\"ez-toc-pull-right ez-toc-btn ez-toc-btn-xs ez-toc-btn-default ez-toc-toggle\" aria-label=\"Toggle Table of Content\"><span class=\"ez-toc-js-icon-con\"><span class=\"\"><span class=\"eztoc-hide\" style=\"display:none;\">Toggle<\/span><span class=\"ez-toc-icon-toggle-span\"><svg style=\"fill: #999;color:#999\" xmlns=\"http:\/\/www.w3.org\/2000\/svg\" class=\"list-377408\" width=\"20px\" height=\"20px\" viewBox=\"0 0 24 24\" fill=\"none\"><path d=\"M6 6H4v2h2V6zm14 0H8v2h12V6zM4 11h2v2H4v-2zm16 0H8v2h12v-2zM4 16h2v2H4v-2zm16 0H8v2h12v-2z\" fill=\"currentColor\"><\/path><\/svg><svg style=\"fill: #999;color:#999\" class=\"arrow-unsorted-368013\" xmlns=\"http:\/\/www.w3.org\/2000\/svg\" width=\"10px\" height=\"10px\" viewBox=\"0 0 24 24\" version=\"1.2\" baseProfile=\"tiny\"><path d=\"M18.2 9.3l-6.2-6.3-6.2 6.3c-.2.2-.3.4-.3.7s.1.5.3.7c.2.2.4.3.7.3h11c.3 0 .5-.1.7-.3.2-.2.3-.5.3-.7s-.1-.5-.3-.7zM5.8 14.7l6.2 6.3 6.2-6.3c.2-.2.3-.5.3-.7s-.1-.5-.3-.7c-.2-.2-.4-.3-.7-.3h-11c-.3 0-.5.1-.7.3-.2.2-.3.5-.3.7s.1.5.3.7z\"\/><\/svg><\/span><\/span><\/span><\/a><\/span><\/div>\r\n<nav><ul class='ez-toc-list ez-toc-list-level-1 ' ><li class='ez-toc-page-1 ez-toc-heading-level-2'><a class=\"ez-toc-link ez-toc-heading-1\" href=\"https:\/\/jornadaparaorlando.com.br\/web\/nova-area-tematica-espacial-chega-a-legoland-florida\/#A_area_tematica_espacial_da_LEGOLAND_Florida\" >A \u00e1rea tem\u00e1tica espacial da LEGOLAND Florida<\/a><\/li><li class='ez-toc-page-1 ez-toc-heading-level-2'><a class=\"ez-toc-link ez-toc-heading-2\" href=\"https:\/\/jornadaparaorlando.com.br\/web\/nova-area-tematica-espacial-chega-a-legoland-florida\/#Como_sera_a_nova_area_tematica\" >Como ser\u00e1 a nova \u00e1rea tem\u00e1tica<\/a><\/li><\/ul><\/nav><\/div>\r\n<h2 class=\"wp-block-heading\"><span class=\"ez-toc-section\" id=\"A_area_tematica_espacial_da_LEGOLAND_Florida\"><\/span>A \u00e1rea tem\u00e1tica espacial da LEGOLAND Florida<span class=\"ez-toc-section-end\"><\/span><\/h2>\n\n\n\n<p>O grupo <strong>Merlin Entertainments<\/strong>, respons\u00e1vel pela opera\u00e7\u00e3o do resort, anunciou que ir\u00e1 investir cerca de US$ 90,3 milh\u00f5es na cria\u00e7\u00e3o da nova \u00e1rea tanto no parque da Florida como tamb\u00e9m no da California.<\/p>\n\n\n\n<p>Al\u00e9m disso, essa novidade n\u00e3o s\u00f3 vai ampliar as atra\u00e7\u00f5es e a infraestrutura, mas tamb\u00e9m consolidar o parque como um dos destinos favoritos das fam\u00edlias que viajam com crian\u00e7as.<\/p>\n\n\n\n<div style=\"height:31px\" aria-hidden=\"true\" class=\"wp-block-spacer\"><\/div>\n\n\n\n<figure class=\"wp-block-image size-full\"><img data-recalc-dims=\"1\" decoding=\"async\" width=\"900\" height=\"506\" data-src=\"https:\/\/i0.wp.com\/jornadaparaorlando.com.br\/web\/wp-content\/uploads\/2025\/07\/area-espacial-legoland-florida3.webp?resize=900%2C506&#038;ssl=1\" alt=\"Imagem conceitual da nova \u00e1rea tem\u00e1tica espacial da Legoland Florida que ser\u00e1 inaugurada em 2026\" class=\"wp-image-2733 lazyload\" data-srcset=\"https:\/\/i0.wp.com\/jornadaparaorlando.com.br\/web\/wp-content\/uploads\/2025\/07\/area-espacial-legoland-florida3.webp?w=900&amp;ssl=1 900w, https:\/\/i0.wp.com\/jornadaparaorlando.com.br\/web\/wp-content\/uploads\/2025\/07\/area-espacial-legoland-florida3.webp?resize=300%2C169&amp;ssl=1 300w, https:\/\/i0.wp.com\/jornadaparaorlando.com.br\/web\/wp-content\/uploads\/2025\/07\/area-espacial-legoland-florida3.webp?resize=768%2C432&amp;ssl=1 768w\" data-sizes=\"(max-width: 900px) 100vw, 900px\" src=\"data:image\/svg+xml;base64,PHN2ZyB3aWR0aD0iMSIgaGVpZ2h0PSIxIiB4bWxucz0iaHR0cDovL3d3dy53My5vcmcvMjAwMC9zdmciPjwvc3ZnPg==\" style=\"--smush-placeholder-width: 900px; --smush-placeholder-aspect-ratio: 900\/506;\" \/><\/figure>\n\n\n\n<div style=\"height:51px\" aria-hidden=\"true\" class=\"wp-block-spacer\"><\/div>\n\n\n\n<h2 class=\"wp-block-heading\"><span class=\"ez-toc-section\" id=\"Como_sera_a_nova_area_tematica\"><\/span>Como ser\u00e1 a nova \u00e1rea tem\u00e1tica<span class=\"ez-toc-section-end\"><\/span><\/h2>\n\n\n\n<p>A nova \u00e1rea tem\u00e1tica espacial pretende manter o estilo l\u00fadico e colorido que j\u00e1 \u00e9 a marca registrada da LEGOLAND. Por\u00e9m, vai incluir brinquedos in\u00e9ditos, experi\u00eancias sensoriais e elementos que estimulam a criatividade infantil, sempre com aquele toque especial de nostalgia para os adultos.<\/p>\n\n\n\n<div style=\"height:31px\" aria-hidden=\"true\" class=\"wp-block-spacer\"><\/div>\n\n\n\n<figure class=\"wp-block-image size-full\"><img data-recalc-dims=\"1\" decoding=\"async\" width=\"900\" height=\"506\" data-src=\"https:\/\/i0.wp.com\/jornadaparaorlando.com.br\/web\/wp-content\/uploads\/2025\/07\/area-espacial-legoland-florida1.webp?resize=900%2C506&#038;ssl=1\" alt=\"Imagem conceitual mostra a nova \u00e1rea da Legoland Florida que ter\u00e1 como tema o espa\u00e7o \" class=\"wp-image-2731 lazyload\" data-srcset=\"https:\/\/i0.wp.com\/jornadaparaorlando.com.br\/web\/wp-content\/uploads\/2025\/07\/area-espacial-legoland-florida1.webp?w=900&amp;ssl=1 900w, https:\/\/i0.wp.com\/jornadaparaorlando.com.br\/web\/wp-content\/uploads\/2025\/07\/area-espacial-legoland-florida1.webp?resize=300%2C169&amp;ssl=1 300w, https:\/\/i0.wp.com\/jornadaparaorlando.com.br\/web\/wp-content\/uploads\/2025\/07\/area-espacial-legoland-florida1.webp?resize=768%2C432&amp;ssl=1 768w\" data-sizes=\"(max-width: 900px) 100vw, 900px\" src=\"data:image\/svg+xml;base64,PHN2ZyB3aWR0aD0iMSIgaGVpZ2h0PSIxIiB4bWxucz0iaHR0cDovL3d3dy53My5vcmcvMjAwMC9zdmciPjwvc3ZnPg==\" style=\"--smush-placeholder-width: 900px; --smush-placeholder-aspect-ratio: 900\/506;\" \/><\/figure>\n\n\n\n<div style=\"height:29px\" aria-hidden=\"true\" class=\"wp-block-spacer\"><\/div>\n\n\n\n<p>Al\u00e9m disso, a <strong>infraestrutura do parque<\/strong> tamb\u00e9m ser\u00e1 modernizada, incluindo melhorias em acessibilidade, novas op\u00e7\u00f5es de alimenta\u00e7\u00e3o e espa\u00e7os mais amplos para descanso e circula\u00e7\u00e3o.<\/p>\n\n\n\n<p>Entre as novidades, est\u00e3o montanhas-russas imersivas e atra\u00e7\u00f5es tecnologicamente mais avan\u00e7adas, onde voc\u00ea ser\u00e1 convidado a imergir para a gal\u00e1xia LEGO repleta de aventuras e adrenalina!<\/p>\n\n\n\n<p>Demais, n\u00e3o \u00e9 mesmo? Ent\u00e3o, se est\u00e1 pensando em viajar para Orlando nas pr\u00f3ximas f\u00e9rias, j\u00e1 pode incluir a LEGOLAND Florida no seu roteiro! E, claro, continue acompanhando o Jornada para Orlando pois, assim que ela anunciar mais novidades, volto aqui para contar tudo para voc\u00eas!<\/p>\n\n\n\n<p> \ud83d\udc49 <strong><a href=\"https:\/\/www.civitatis.com\/pt\/orlando\/ingresso-legoland-florida-theme-park\/?aid=108310&amp;cmp=legoland\" target=\"_blank\" rel=\"noreferrer noopener\">Garanta seus ingressos para a LEGOLAND Florida com desconto!<\/a><\/strong><\/p>\n\n\n\n<div style=\"height:90px\" aria-hidden=\"true\" class=\"wp-block-spacer\"><\/div>\n\n\n\n<p><strong>Leia tamb\u00e9m:<\/strong><\/p>\n\n\n\n<p>\ud83d\udccc <strong><a href=\"https:\/\/jornadaparaorlando.com.br\/web\/passeios-proximos-a-orlando\/\" target=\"_blank\" rel=\"noreferrer noopener\">Fl\u00f3rida Central: passeios imperd\u00edveis pr\u00f3ximos a Orlando<\/a><\/strong><\/p>\n\n\n\n<div style=\"height:251px\" aria-hidden=\"true\" class=\"wp-block-spacer\"><\/div>\n","protected":false},"excerpt":{"rendered":"<p>Uma nova \u00e1rea com tem\u00e1tica espacial est\u00e1 prestes a chegar na Legoland Florida e promete agradar n\u00e3o s\u00f3 crian\u00e7as, mas tamb\u00e9m os adultos! O projeto promete tornar a experi\u00eancia do visitante ainda mais incr\u00edvel e imersiva e \u00e9 uma excelente not\u00edcia para quem est\u00e1 planejando a visita para Orlando no pr\u00f3ximo ano, j\u00e1 que a [&hellip;]<\/p>\n","protected":false},"author":1,"featured_media":2732,"comment_status":"closed","ping_status":"closed","sticky":false,"template":"","format":"standard","meta":{"om_disable_all_campaigns":false,"_monsterinsights_skip_tracking":false,"_monsterinsights_sitenote_active":false,"_monsterinsights_sitenote_note":"","_monsterinsights_sitenote_category":0,"_uf_show_specific_survey":0,"_uf_disable_surveys":false,"footnotes":"","jetpack_publicize_message":"","jetpack_publicize_feature_enabled":true,"jetpack_social_post_already_shared":true,"jetpack_social_options":{"image_generator_settings":{"template":"highway","default_image_id":0,"font":"","enabled":false},"version":2}},"categories":[174],"tags":[],"class_list":["post-2730","post","type-post","status-publish","format-standard","has-post-thumbnail","hentry","category-legoland"],"jetpack_publicize_connections":[],"jetpack_featured_media_url":"https:\/\/i0.wp.com\/jornadaparaorlando.com.br\/web\/wp-content\/uploads\/2025\/07\/area-espacial-legoland-florida2.webp?fit=900%2C506&ssl=1","jetpack_sharing_enabled":true,"_links":{"self":[{"href":"https:\/\/jornadaparaorlando.com.br\/web\/wp-json\/wp\/v2\/posts\/2730","targetHints":{"allow":["GET"]}}],"collection":[{"href":"https:\/\/jornadaparaorlando.com.br\/web\/wp-json\/wp\/v2\/posts"}],"about":[{"href":"https:\/\/jornadaparaorlando.com.br\/web\/wp-json\/wp\/v2\/types\/post"}],"author":[{"embeddable":true,"href":"https:\/\/jornadaparaorlando.com.br\/web\/wp-json\/wp\/v2\/users\/1"}],"replies":[{"embeddable":true,"href":"https:\/\/jornadaparaorlando.com.br\/web\/wp-json\/wp\/v2\/comments?post=2730"}],"version-history":[{"count":1,"href":"https:\/\/jornadaparaorlando.com.br\/web\/wp-json\/wp\/v2\/posts\/2730\/revisions"}],"predecessor-version":[{"id":2734,"href":"https:\/\/jornadaparaorlando.com.br\/web\/wp-json\/wp\/v2\/posts\/2730\/revisions\/2734"}],"wp:featuredmedia":[{"embeddable":true,"href":"https:\/\/jornadaparaorlando.com.br\/web\/wp-json\/wp\/v2\/media\/2732"}],"wp:attachment":[{"href":"https:\/\/jornadaparaorlando.com.br\/web\/wp-json\/wp\/v2\/media?parent=2730"}],"wp:term":[{"taxonomy":"category","embeddable":true,"href":"https:\/\/jornadaparaorlando.com.br\/web\/wp-json\/wp\/v2\/categories?post=2730"},{"taxonomy":"post_tag","embeddable":true,"href":"https:\/\/jornadaparaorlando.com.br\/web\/wp-json\/wp\/v2\/tags?post=2730"}],"curies":[{"name":"wp","href":"https:\/\/api.w.org\/{rel}","templated":true}]}}