{"id":2962,"date":"2025-09-19T16:59:42","date_gmt":"2025-09-19T19:59:42","guid":{"rendered":"https:\/\/jornadaparaorlando.com.br\/web\/?p=2962"},"modified":"2025-09-19T16:59:48","modified_gmt":"2025-09-19T19:59:48","slug":"universal-orlando-divulga-datas-do-rock-the-universe-2026","status":"publish","type":"post","link":"https:\/\/jornadaparaorlando.com.br\/web\/universal-orlando-divulga-datas-do-rock-the-universe-2026\/","title":{"rendered":"Universal Orlando divulga datas do Rock the Universe 2026"},"content":{"rendered":"\n<div style=\"height:60px\" aria-hidden=\"true\" class=\"wp-block-spacer\"><\/div>\n\n\n\n<figure class=\"wp-block-image size-full\"><img data-recalc-dims=\"1\" decoding=\"async\" width=\"900\" height=\"600\" data-src=\"https:\/\/i0.wp.com\/jornadaparaorlando.com.br\/web\/wp-content\/uploads\/2025\/09\/rock-the-universe-2026-universal-orlando-3.webp?resize=900%2C600&#038;ssl=1\" alt=\"Show crist\u00e3o Rock the Universe mostra p\u00fablico com um cantor ao palco\" class=\"wp-image-2965 lazyload\" data-srcset=\"https:\/\/i0.wp.com\/jornadaparaorlando.com.br\/web\/wp-content\/uploads\/2025\/09\/rock-the-universe-2026-universal-orlando-3.webp?w=900&amp;ssl=1 900w, https:\/\/i0.wp.com\/jornadaparaorlando.com.br\/web\/wp-content\/uploads\/2025\/09\/rock-the-universe-2026-universal-orlando-3.webp?resize=300%2C200&amp;ssl=1 300w, https:\/\/i0.wp.com\/jornadaparaorlando.com.br\/web\/wp-content\/uploads\/2025\/09\/rock-the-universe-2026-universal-orlando-3.webp?resize=768%2C512&amp;ssl=1 768w\" data-sizes=\"(max-width: 900px) 100vw, 900px\" src=\"data:image\/svg+xml;base64,PHN2ZyB3aWR0aD0iMSIgaGVpZ2h0PSIxIiB4bWxucz0iaHR0cDovL3d3dy53My5vcmcvMjAwMC9zdmciPjwvc3ZnPg==\" style=\"--smush-placeholder-width: 900px; --smush-placeholder-aspect-ratio: 900\/600;\" \/><figcaption class=\"wp-element-caption\"><em>Fotos: Divulga\u00e7\u00e3o (Universal Orlando Resorts)<\/em><\/figcaption><\/figure>\n\n\n\n<div style=\"height:30px\" aria-hidden=\"true\" class=\"wp-block-spacer\"><\/div>\n\n\n\n<p>A <strong>Universal Orlando Resort<\/strong> acaba de divulgar as datas do <strong>Rock the Universe 2026<\/strong>, o maior festival de m\u00fasica crist\u00e3 da Fl\u00f3rida. O evento acontece nos dias <strong>23 e 24 de janeiro de 2026<\/strong>, no <strong>Universal Studios Florida<\/strong>, e reunir\u00e1 artistas crist\u00e3os populares da atualidade, como, por exemplo, <strong>Forrest Frank<\/strong> \u2013 l\u00edder nas paradas da Billboard \u2013 e <strong>Phil Wickham<\/strong>, cantor indicado ao Grammy.<\/p>\n\n\n\n<div style=\"height:60px\" aria-hidden=\"true\" class=\"wp-block-spacer\"><\/div>\n\n\n\n<div id=\"ez-toc-container\" class=\"ez-toc-v2_0_82 counter-hierarchy ez-toc-counter ez-toc-grey ez-toc-container-direction\">\r\n<div class=\"ez-toc-title-container\">\r\n<span class=\"ez-toc-title-toggle\"><a href=\"#\" class=\"ez-toc-pull-right ez-toc-btn ez-toc-btn-xs ez-toc-btn-default ez-toc-toggle\" aria-label=\"Toggle Table of Content\"><span class=\"ez-toc-js-icon-con\"><span class=\"\"><span class=\"eztoc-hide\" style=\"display:none;\">Toggle<\/span><span class=\"ez-toc-icon-toggle-span\"><svg style=\"fill: #999;color:#999\" xmlns=\"http:\/\/www.w3.org\/2000\/svg\" class=\"list-377408\" width=\"20px\" height=\"20px\" viewBox=\"0 0 24 24\" fill=\"none\"><path d=\"M6 6H4v2h2V6zm14 0H8v2h12V6zM4 11h2v2H4v-2zm16 0H8v2h12v-2zM4 16h2v2H4v-2zm16 0H8v2h12v-2z\" fill=\"currentColor\"><\/path><\/svg><svg style=\"fill: #999;color:#999\" class=\"arrow-unsorted-368013\" xmlns=\"http:\/\/www.w3.org\/2000\/svg\" width=\"10px\" height=\"10px\" viewBox=\"0 0 24 24\" version=\"1.2\" baseProfile=\"tiny\"><path d=\"M18.2 9.3l-6.2-6.3-6.2 6.3c-.2.2-.3.4-.3.7s.1.5.3.7c.2.2.4.3.7.3h11c.3 0 .5-.1.7-.3.2-.2.3-.5.3-.7s-.1-.5-.3-.7zM5.8 14.7l6.2 6.3 6.2-6.3c.2-.2.3-.5.3-.7s-.1-.5-.3-.7c-.2-.2-.4-.3-.7-.3h-11c-.3 0-.5.1-.7.3-.2.2-.3.5-.3.7s.1.5.3.7z\"\/><\/svg><\/span><\/span><\/span><\/a><\/span><\/div>\r\n<nav><ul class='ez-toc-list ez-toc-list-level-1 ' ><li class='ez-toc-page-1 ez-toc-heading-level-2'><a class=\"ez-toc-link ez-toc-heading-1\" href=\"https:\/\/jornadaparaorlando.com.br\/web\/universal-orlando-divulga-datas-do-rock-the-universe-2026\/#Programacao_completa_do_Rock_the_Universe_2026\" >Programa\u00e7\u00e3o completa do Rock the Universe 2026<\/a><ul class='ez-toc-list-level-3' ><li class='ez-toc-heading-level-3'><a class=\"ez-toc-link ez-toc-heading-2\" href=\"https:\/\/jornadaparaorlando.com.br\/web\/universal-orlando-divulga-datas-do-rock-the-universe-2026\/#23_de_janeiro_sexta-feira\" >23 de janeiro (sexta-feira)<\/a><\/li><li class='ez-toc-page-1 ez-toc-heading-level-3'><a class=\"ez-toc-link ez-toc-heading-3\" href=\"https:\/\/jornadaparaorlando.com.br\/web\/universal-orlando-divulga-datas-do-rock-the-universe-2026\/#24_de_janeiro_sabado\" >24 de janeiro (s\u00e1bado)<\/a><\/li><\/ul><\/li><li class='ez-toc-page-1 ez-toc-heading-level-2'><a class=\"ez-toc-link ez-toc-heading-4\" href=\"https:\/\/jornadaparaorlando.com.br\/web\/universal-orlando-divulga-datas-do-rock-the-universe-2026\/#O_que_esperar_do_Rock_the_Universe_2026\" >O que esperar do Rock the Universe 2026<\/a><\/li><li class='ez-toc-page-1 ez-toc-heading-level-2'><a class=\"ez-toc-link ez-toc-heading-5\" href=\"https:\/\/jornadaparaorlando.com.br\/web\/universal-orlando-divulga-datas-do-rock-the-universe-2026\/#Como_comprar_ingressos_para_o_Rock_the_Universe\" >Como comprar ingressos para o Rock the Universe<\/a><\/li><li class='ez-toc-page-1 ez-toc-heading-level-2'><a class=\"ez-toc-link ez-toc-heading-6\" href=\"https:\/\/jornadaparaorlando.com.br\/web\/universal-orlando-divulga-datas-do-rock-the-universe-2026\/#Sobre_o_festival_Rock_the_Universe\" >Sobre o festival Rock the Universe<\/a><\/li><\/ul><\/nav><\/div>\r\n<h2 class=\"wp-block-heading\"><span class=\"ez-toc-section\" id=\"Programacao_completa_do_Rock_the_Universe_2026\"><\/span>Programa\u00e7\u00e3o completa do Rock the Universe 2026<span class=\"ez-toc-section-end\"><\/span><\/h2>\n\n\n\n<div style=\"height:42px\" aria-hidden=\"true\" class=\"wp-block-spacer\"><\/div>\n\n\n\n<h3 class=\"wp-block-heading\"><span class=\"ez-toc-section\" id=\"23_de_janeiro_sexta-feira\"><\/span>23 de janeiro (sexta-feira)<span class=\"ez-toc-section-end\"><\/span><\/h3>\n\n\n\n<p>Forrest Frank<\/p>\n\n\n\n<p>Switchfoot<\/p>\n\n\n\n<p>KB<\/p>\n\n\n\n<p>Blessing Offor<\/p>\n\n\n\n<p>Hulvey<\/p>\n\n\n\n<p>Bodie<\/p>\n\n\n\n<p>Eli Gable<\/p>\n\n\n\n<p>Hopeful.<\/p>\n\n\n\n<p>Claire Leslie<\/p>\n\n\n\n<div style=\"height:42px\" aria-hidden=\"true\" class=\"wp-block-spacer\"><\/div>\n\n\n\n<h3 class=\"wp-block-heading\"><span class=\"ez-toc-section\" id=\"24_de_janeiro_sabado\"><\/span>24 de janeiro (s\u00e1bado)<span class=\"ez-toc-section-end\"><\/span><\/h3>\n\n\n\n<p>LECRAE<\/p>\n\n\n\n<p>Phil Wickham<\/p>\n\n\n\n<p>Colton Dixon<\/p>\n\n\n\n<p>Passion<\/p>\n\n\n\n<p>Terrian<\/p>\n\n\n\n<p>Sam Rivera<\/p>\n\n\n\n<p>Caleb and John<\/p>\n\n\n\n<p>Bay Turner<\/p>\n\n\n\n<p>Megan Danielle<\/p>\n\n\n\n<figure class=\"wp-block-image size-full\"><img data-recalc-dims=\"1\" decoding=\"async\" width=\"900\" height=\"600\" data-src=\"https:\/\/i0.wp.com\/jornadaparaorlando.com.br\/web\/wp-content\/uploads\/2025\/09\/rock-the-universe-2026-universal-orlando-phil-wickham.webp?resize=900%2C600&#038;ssl=1\" alt=\"Cantor crist\u00e3o Phil Wickham de perfil com um fundo azul \" class=\"wp-image-2966 lazyload\" data-srcset=\"https:\/\/i0.wp.com\/jornadaparaorlando.com.br\/web\/wp-content\/uploads\/2025\/09\/rock-the-universe-2026-universal-orlando-phil-wickham.webp?w=900&amp;ssl=1 900w, https:\/\/i0.wp.com\/jornadaparaorlando.com.br\/web\/wp-content\/uploads\/2025\/09\/rock-the-universe-2026-universal-orlando-phil-wickham.webp?resize=300%2C200&amp;ssl=1 300w, https:\/\/i0.wp.com\/jornadaparaorlando.com.br\/web\/wp-content\/uploads\/2025\/09\/rock-the-universe-2026-universal-orlando-phil-wickham.webp?resize=768%2C512&amp;ssl=1 768w\" data-sizes=\"(max-width: 900px) 100vw, 900px\" src=\"data:image\/svg+xml;base64,PHN2ZyB3aWR0aD0iMSIgaGVpZ2h0PSIxIiB4bWxucz0iaHR0cDovL3d3dy53My5vcmcvMjAwMC9zdmciPjwvc3ZnPg==\" style=\"--smush-placeholder-width: 900px; --smush-placeholder-aspect-ratio: 900\/600;\" \/><figcaption class=\"wp-element-caption\"><em>Phil Wickham: cantor crist\u00e3o indicado ao Grammy faz apresenta\u00e7\u00e3o no Rock the Universe 2026<\/em><\/figcaption><\/figure>\n\n\n\n<div style=\"height:60px\" aria-hidden=\"true\" class=\"wp-block-spacer\"><\/div>\n\n\n\n<h2 class=\"wp-block-heading\"><span class=\"ez-toc-section\" id=\"O_que_esperar_do_Rock_the_Universe_2026\"><\/span>O que esperar do Rock the Universe 2026<span class=\"ez-toc-section-end\"><\/span><\/h2>\n\n\n\n<p>O <strong>Rock the Universe<\/strong> acontece das <strong>16h \u00e0 1h da madrugada<\/strong>, ap\u00f3s o hor\u00e1rio regular do parque. Quem garante o ingresso tem acesso n\u00e3o s\u00f3 aos shows, mas tamb\u00e9m a v\u00e1rias <strong>atra\u00e7\u00f5es do Universal Studios Florida<\/strong>, que permanecem abertas durante o evento.<\/p>\n\n\n\n<p>Al\u00e9m dos palcos principais, h\u00e1 experi\u00eancias exclusivas, como a <strong>Fan Zone<\/strong>, \u00e1reas de descanso para l\u00edderes de grupos bem como a oportunidades de intera\u00e7\u00e3o com artistas. No domingo, dia 25 de janeiro, acontece ainda um <strong>culto especial de encerramento<\/strong>, j\u00e1 inclu\u00eddo no ingresso, mas que requer reserva antecipada devido \u00e0 lota\u00e7\u00e3o limitada.<\/p>\n\n\n\n<div style=\"height:30px\" aria-hidden=\"true\" class=\"wp-block-spacer\"><\/div>\n\n\n\n<figure class=\"wp-block-image size-full\"><img data-recalc-dims=\"1\" decoding=\"async\" width=\"900\" height=\"600\" data-src=\"https:\/\/i0.wp.com\/jornadaparaorlando.com.br\/web\/wp-content\/uploads\/2025\/09\/rock-the-universe-2026-universal-orlando-2.webp?resize=900%2C600&#038;ssl=1\" alt=\"Jovens com as m\u00e3os para o alto em adora\u00e7\u00e3o durante um show noturno\" class=\"wp-image-2964 lazyload\" data-srcset=\"https:\/\/i0.wp.com\/jornadaparaorlando.com.br\/web\/wp-content\/uploads\/2025\/09\/rock-the-universe-2026-universal-orlando-2.webp?w=900&amp;ssl=1 900w, https:\/\/i0.wp.com\/jornadaparaorlando.com.br\/web\/wp-content\/uploads\/2025\/09\/rock-the-universe-2026-universal-orlando-2.webp?resize=300%2C200&amp;ssl=1 300w, https:\/\/i0.wp.com\/jornadaparaorlando.com.br\/web\/wp-content\/uploads\/2025\/09\/rock-the-universe-2026-universal-orlando-2.webp?resize=768%2C512&amp;ssl=1 768w\" data-sizes=\"(max-width: 900px) 100vw, 900px\" src=\"data:image\/svg+xml;base64,PHN2ZyB3aWR0aD0iMSIgaGVpZ2h0PSIxIiB4bWxucz0iaHR0cDovL3d3dy53My5vcmcvMjAwMC9zdmciPjwvc3ZnPg==\" style=\"--smush-placeholder-width: 900px; --smush-placeholder-aspect-ratio: 900\/600;\" \/><\/figure>\n\n\n\n<div style=\"height:60px\" aria-hidden=\"true\" class=\"wp-block-spacer\"><\/div>\n\n\n\n<h2 class=\"wp-block-heading\"><span class=\"ez-toc-section\" id=\"Como_comprar_ingressos_para_o_Rock_the_Universe\"><\/span>Como comprar ingressos para o Rock the Universe<span class=\"ez-toc-section-end\"><\/span><\/h2>\n\n\n\n<p>Por\u00e9m, para participar do festival \u00e9 necess\u00e1rio adquirir ingressos \u00e0 parte dos ingressos regulares do parque. Eles j\u00e1 est\u00e3o \u00e0 venda no <strong><a href=\"http:\/\/www.RocktheUniverse.com\" target=\"_blank\" rel=\"noreferrer noopener\">site oficial da Universal Orlando<\/a><\/strong>.<\/p>\n\n\n\n<p>Logo, a Universal oferece diferentes op\u00e7\u00f5es de pacotes e ingressos:<\/p>\n\n\n\n<ul class=\"wp-block-list\">\n<li><strong>Rock Your Weekend Ticket<\/strong>: a partir de <strong>US$ 173,99 por pessoa<\/strong>, inclui os dois dias de evento e, al\u00e9m disso, mais tr\u00eas dias de entrada nos parques Universal Studios Florida, Islands of Adventure e Volcano Bay (um parque por dia).<\/li>\n\n\n\n<li><strong>Ingresso exclusivo para o Rock the Universe<\/strong>: a partir de <strong>US$ 94,99 por pessoa<\/strong>, por\u00e9m, \u00e9 v\u00e1lido para apenas uma noite do festival.<\/li>\n\n\n\n<li><strong>Pacotes para grupos de jovens (10 ou mais pessoas)<\/strong>: a partir de <strong>US$ 155,99 por pessoa<\/strong>, com benef\u00edcios extras.<\/li>\n<\/ul>\n\n\n\n<p>Essas op\u00e7\u00f5es permitem que visitantes personalizem a experi\u00eancia de acordo com seu interesse, seja apenas para aproveitar os shows ou para curtir tamb\u00e9m os parques do Universal Orlando Resort.<\/p>\n\n\n\n<div style=\"height:60px\" aria-hidden=\"true\" class=\"wp-block-spacer\"><\/div>\n\n\n\n<h2 class=\"wp-block-heading\"><span class=\"ez-toc-section\" id=\"Sobre_o_festival_Rock_the_Universe\"><\/span><strong>Sobre o festival Rock the Universe<\/strong><span class=\"ez-toc-section-end\"><\/span><\/h2>\n\n\n\n<figure class=\"wp-block-image size-full\"><img data-recalc-dims=\"1\" decoding=\"async\" width=\"900\" height=\"600\" data-src=\"https:\/\/i0.wp.com\/jornadaparaorlando.com.br\/web\/wp-content\/uploads\/2025\/09\/rock-the-universe-2026-universal-orlando-1.webp?resize=900%2C600&#038;ssl=1\" alt=\"Plat\u00e9ia curte show noturno do Rock the Universe no Universal Orlando Resorts\" class=\"wp-image-2963 lazyload\" data-srcset=\"https:\/\/i0.wp.com\/jornadaparaorlando.com.br\/web\/wp-content\/uploads\/2025\/09\/rock-the-universe-2026-universal-orlando-1.webp?w=900&amp;ssl=1 900w, https:\/\/i0.wp.com\/jornadaparaorlando.com.br\/web\/wp-content\/uploads\/2025\/09\/rock-the-universe-2026-universal-orlando-1.webp?resize=300%2C200&amp;ssl=1 300w, https:\/\/i0.wp.com\/jornadaparaorlando.com.br\/web\/wp-content\/uploads\/2025\/09\/rock-the-universe-2026-universal-orlando-1.webp?resize=768%2C512&amp;ssl=1 768w\" data-sizes=\"(max-width: 900px) 100vw, 900px\" src=\"data:image\/svg+xml;base64,PHN2ZyB3aWR0aD0iMSIgaGVpZ2h0PSIxIiB4bWxucz0iaHR0cDovL3d3dy53My5vcmcvMjAwMC9zdmciPjwvc3ZnPg==\" style=\"--smush-placeholder-width: 900px; --smush-placeholder-aspect-ratio: 900\/600;\" \/><\/figure>\n\n\n\n<div style=\"height:30px\" aria-hidden=\"true\" class=\"wp-block-spacer\"><\/div>\n\n\n\n<p>O <strong>Rock the Universe<\/strong> \u00e9 o maior festival de m\u00fasica crist\u00e3 da Fl\u00f3rida e acontece todos os anos no Universal Studios Florida. Ele foi criado em <strong>1998<\/strong>, reunindo grandes nomes da m\u00fasica crist\u00e3 contempor\u00e2nea em um ambiente que mistura <strong>f\u00e9, divers\u00e3o e, sobretudo,  entretenimento<\/strong>.<\/p>\n\n\n\n<p>Antes realizado em setembro, o evento passou para janeiro em <strong>2019<\/strong>, e, dessa forma, tornou-se uma das principais atra\u00e7\u00f5es do in\u00edcio do ano em Orlando. Sempre no \u00faltimo final de semana de janeiro, o festival atrai milhares de turistas, sobretudo grupos de jovens e igrejas, que encontram ali uma oportunidade \u00fanica de celebra\u00e7\u00e3o.<\/p>\n\n\n\n<p>Durante o Rock the Universe, os visitantes podem assistir a shows de artistas renomados, participar de momentos de adora\u00e7\u00e3o, acompanhar o culto de domingo pela manh\u00e3 e, al\u00e9m disso, aproveitar as atra\u00e7\u00f5es do parque que ficam abertas exclusivamente para os participantes.<\/p>\n\n\n\n<p>O festival segue at\u00e9 tarde da noite e, dessa forma, oferece uma atmosfera vibrante, que une m\u00fasica, espiritualidade e lazer. Sem d\u00favida, o <strong>Rock the Universe 2026<\/strong> ser\u00e1 uma das experi\u00eancias mais marcantes do calend\u00e1rio da <strong>Universal Orlando Resort<\/strong>.<\/p>\n\n\n\n<div style=\"height:79px\" aria-hidden=\"true\" class=\"wp-block-spacer\"><\/div>\n\n\n\n<p><strong>Leia tamb\u00e9m:<\/strong><\/p>\n\n\n\n<p>\ud83d\udc49 <strong><a href=\"https:\/\/jornadaparaorlando.com.br\/web\/tudo-o-que-voce-precisa-saber-universal-studios-resort\/\" target=\"_blank\" rel=\"noreferrer noopener\">Tudo o que voc\u00ea precisa saber: Universal Orlando Resort<\/a><\/strong><\/p>\n\n\n\n<div style=\"height:251px\" aria-hidden=\"true\" class=\"wp-block-spacer\"><\/div>\n","protected":false},"excerpt":{"rendered":"<p>A Universal Orlando Resort acaba de divulgar as datas do Rock the Universe 2026, o maior festival de m\u00fasica crist\u00e3 da Fl\u00f3rida. O evento acontece nos dias 23 e 24 de janeiro de 2026, no Universal Studios Florida, e reunir\u00e1 artistas crist\u00e3os populares da atualidade, como, por exemplo, Forrest Frank \u2013 l\u00edder nas paradas da [&hellip;]<\/p>\n","protected":false},"author":1,"featured_media":2963,"comment_status":"closed","ping_status":"closed","sticky":false,"template":"","format":"standard","meta":{"om_disable_all_campaigns":false,"_monsterinsights_skip_tracking":false,"_monsterinsights_sitenote_active":false,"_monsterinsights_sitenote_note":"","_monsterinsights_sitenote_category":0,"_uf_show_specific_survey":0,"_uf_disable_surveys":false,"footnotes":"","jetpack_publicize_message":"","jetpack_publicize_feature_enabled":true,"jetpack_social_post_already_shared":true,"jetpack_social_options":{"image_generator_settings":{"template":"highway","default_image_id":0,"font":"","enabled":false},"version":2}},"categories":[5],"tags":[],"class_list":["post-2962","post","type-post","status-publish","format-standard","has-post-thumbnail","hentry","category-universal-orlando"],"jetpack_publicize_connections":[],"jetpack_featured_media_url":"https:\/\/i0.wp.com\/jornadaparaorlando.com.br\/web\/wp-content\/uploads\/2025\/09\/rock-the-universe-2026-universal-orlando-1.webp?fit=900%2C600&ssl=1","jetpack_sharing_enabled":true,"_links":{"self":[{"href":"https:\/\/jornadaparaorlando.com.br\/web\/wp-json\/wp\/v2\/posts\/2962","targetHints":{"allow":["GET"]}}],"collection":[{"href":"https:\/\/jornadaparaorlando.com.br\/web\/wp-json\/wp\/v2\/posts"}],"about":[{"href":"https:\/\/jornadaparaorlando.com.br\/web\/wp-json\/wp\/v2\/types\/post"}],"author":[{"embeddable":true,"href":"https:\/\/jornadaparaorlando.com.br\/web\/wp-json\/wp\/v2\/users\/1"}],"replies":[{"embeddable":true,"href":"https:\/\/jornadaparaorlando.com.br\/web\/wp-json\/wp\/v2\/comments?post=2962"}],"version-history":[{"count":1,"href":"https:\/\/jornadaparaorlando.com.br\/web\/wp-json\/wp\/v2\/posts\/2962\/revisions"}],"predecessor-version":[{"id":2967,"href":"https:\/\/jornadaparaorlando.com.br\/web\/wp-json\/wp\/v2\/posts\/2962\/revisions\/2967"}],"wp:featuredmedia":[{"embeddable":true,"href":"https:\/\/jornadaparaorlando.com.br\/web\/wp-json\/wp\/v2\/media\/2963"}],"wp:attachment":[{"href":"https:\/\/jornadaparaorlando.com.br\/web\/wp-json\/wp\/v2\/media?parent=2962"}],"wp:term":[{"taxonomy":"category","embeddable":true,"href":"https:\/\/jornadaparaorlando.com.br\/web\/wp-json\/wp\/v2\/categories?post=2962"},{"taxonomy":"post_tag","embeddable":true,"href":"https:\/\/jornadaparaorlando.com.br\/web\/wp-json\/wp\/v2\/tags?post=2962"}],"curies":[{"name":"wp","href":"https:\/\/api.w.org\/{rel}","templated":true}]}}