{"id":3106,"date":"2025-11-26T16:53:15","date_gmt":"2025-11-26T19:53:15","guid":{"rendered":"https:\/\/jornadaparaorlando.com.br\/web\/?p=3106"},"modified":"2025-11-26T16:53:26","modified_gmt":"2025-11-26T19:53:26","slug":"busch-gardens-anuncia-expansao-leoes-hienas-em-2026","status":"publish","type":"post","link":"https:\/\/jornadaparaorlando.com.br\/web\/busch-gardens-anuncia-expansao-leoes-hienas-em-2026\/","title":{"rendered":"Busch Gardens anuncia expans\u00e3o com le\u00f5es e hienas para 2026"},"content":{"rendered":"\n<div style=\"height:52px\" aria-hidden=\"true\" class=\"wp-block-spacer\"><\/div>\n\n\n\n<p>Depois de muitos rumores, o <strong>Busch Gardens Tampa Bay<\/strong> anunciou uma super novidade: um novo espa\u00e7o para <strong>le\u00f5es e hienas<\/strong> que ser\u00e1 inaugurado na primavera americana de 2026. O habitat promete trazer um pedacinho da savana africana para a Fl\u00f3rida.<\/p>\n\n\n\n<p>A nova \u00e1rea do parque, chamada <strong>Lion &amp; Hyena Ridge<\/strong>, vai ser a expans\u00e3o mais ambiciosa do Busch Gardens em mais de uma d\u00e9cada. Ser\u00e3o cerca de 35.000 p\u00e9s quadrados (quase o dobro da \u00e1rea anterior), ou seja, espa\u00e7o de sobra para os animais viverem com tranquilidade.<\/p>\n\n\n\n<p>Quem vai morar l\u00e1? Um grupo de cinco jovens le\u00f5es machos \u2014 irm\u00e3os \u2014 e, al\u00e9m disso, duas hienas. Isso mesmo: le\u00f5es e hienas compartilhando uma savana projetada para ser o mais natural poss\u00edvel, com forma\u00e7\u00f5es rochosas, \u00e1gua, \u00e1reas para explorar, descansar\u2026 Ou seja, um habitat de respeito!<\/p>\n\n\n\n<div style=\"height:35px\" aria-hidden=\"true\" class=\"wp-block-spacer\"><\/div>\n\n\n\n<figure class=\"wp-block-image size-full\"><img data-recalc-dims=\"1\" decoding=\"async\" width=\"900\" height=\"506\" data-src=\"https:\/\/i0.wp.com\/jornadaparaorlando.com.br\/web\/wp-content\/uploads\/2025\/11\/busch-gardens-leoes-hienas.webp?resize=900%2C506&#038;ssl=1\" alt=\"Banner da nova \u00e1rea do Busch Gardens mostra le\u00f5es e hienas em um habitat de savana africana com rochas e \u00e1rvores\" class=\"wp-image-3108 lazyload\" data-srcset=\"https:\/\/i0.wp.com\/jornadaparaorlando.com.br\/web\/wp-content\/uploads\/2025\/11\/busch-gardens-leoes-hienas.webp?w=900&amp;ssl=1 900w, https:\/\/i0.wp.com\/jornadaparaorlando.com.br\/web\/wp-content\/uploads\/2025\/11\/busch-gardens-leoes-hienas.webp?resize=300%2C169&amp;ssl=1 300w, https:\/\/i0.wp.com\/jornadaparaorlando.com.br\/web\/wp-content\/uploads\/2025\/11\/busch-gardens-leoes-hienas.webp?resize=768%2C432&amp;ssl=1 768w\" data-sizes=\"(max-width: 900px) 100vw, 900px\" src=\"data:image\/svg+xml;base64,PHN2ZyB3aWR0aD0iMSIgaGVpZ2h0PSIxIiB4bWxucz0iaHR0cDovL3d3dy53My5vcmcvMjAwMC9zdmciPjwvc3ZnPg==\" style=\"--smush-placeholder-width: 900px; --smush-placeholder-aspect-ratio: 900\/506;\" \/><figcaption class=\"wp-element-caption\"><em>Imagem: Divulga\u00e7\u00e3o (Busch Gardens Tampa Bay)<\/em><\/figcaption><\/figure>\n\n\n\n<div style=\"height:52px\" aria-hidden=\"true\" class=\"wp-block-spacer\"><\/div>\n\n\n\n<div id=\"ez-toc-container\" class=\"ez-toc-v2_0_82 counter-hierarchy ez-toc-counter ez-toc-grey ez-toc-container-direction\">\r\n<div class=\"ez-toc-title-container\">\r\n<span class=\"ez-toc-title-toggle\"><a href=\"#\" class=\"ez-toc-pull-right ez-toc-btn ez-toc-btn-xs ez-toc-btn-default ez-toc-toggle\" aria-label=\"Toggle Table of Content\"><span class=\"ez-toc-js-icon-con\"><span class=\"\"><span class=\"eztoc-hide\" style=\"display:none;\">Toggle<\/span><span class=\"ez-toc-icon-toggle-span\"><svg style=\"fill: #999;color:#999\" xmlns=\"http:\/\/www.w3.org\/2000\/svg\" class=\"list-377408\" width=\"20px\" height=\"20px\" viewBox=\"0 0 24 24\" fill=\"none\"><path d=\"M6 6H4v2h2V6zm14 0H8v2h12V6zM4 11h2v2H4v-2zm16 0H8v2h12v-2zM4 16h2v2H4v-2zm16 0H8v2h12v-2z\" fill=\"currentColor\"><\/path><\/svg><svg style=\"fill: #999;color:#999\" class=\"arrow-unsorted-368013\" xmlns=\"http:\/\/www.w3.org\/2000\/svg\" width=\"10px\" height=\"10px\" viewBox=\"0 0 24 24\" version=\"1.2\" baseProfile=\"tiny\"><path d=\"M18.2 9.3l-6.2-6.3-6.2 6.3c-.2.2-.3.4-.3.7s.1.5.3.7c.2.2.4.3.7.3h11c.3 0 .5-.1.7-.3.2-.2.3-.5.3-.7s-.1-.5-.3-.7zM5.8 14.7l6.2 6.3 6.2-6.3c.2-.2.3-.5.3-.7s-.1-.5-.3-.7c-.2-.2-.4-.3-.7-.3h-11c-.3 0-.5.1-.7.3-.2.2-.3.5-.3.7s.1.5.3.7z\"\/><\/svg><\/span><\/span><\/span><\/a><\/span><\/div>\r\n<nav><ul class='ez-toc-list ez-toc-list-level-1 ' ><li class='ez-toc-page-1 ez-toc-heading-level-2'><a class=\"ez-toc-link ez-toc-heading-1\" href=\"https:\/\/jornadaparaorlando.com.br\/web\/busch-gardens-anuncia-expansao-leoes-hienas-em-2026\/#Novo_habitat_de_leoes_e_hienas_do_Busch_Gardens_sera_totalmente_imersiva\" >Novo habitat de le\u00f5es e hienas do Busch Gardens ser\u00e1 totalmente imersiva<\/a><\/li><li class='ez-toc-page-1 ez-toc-heading-level-2'><a class=\"ez-toc-link ez-toc-heading-2\" href=\"https:\/\/jornadaparaorlando.com.br\/web\/busch-gardens-anuncia-expansao-leoes-hienas-em-2026\/#Bush_Gardens_promete_muitas_novidades_em_2026\" >Bush Gardens promete muitas novidades em 2026<\/a><\/li><\/ul><\/nav><\/div>\r\n<h2 class=\"wp-block-heading\"><span class=\"ez-toc-section\" id=\"Novo_habitat_de_leoes_e_hienas_do_Busch_Gardens_sera_totalmente_imersiva\"><\/span><strong>Novo habitat de le\u00f5es e hienas do Busch Gardens ser\u00e1 totalmente imersiva<\/strong><span class=\"ez-toc-section-end\"><\/span><\/h2>\n\n\n\n<p>Essa nova expans\u00e3o do Busch Gardens permitir\u00e1 que os visitantes observem le\u00f5es e hienas de perto em um novo habitat completamente imersivo em 2026. No espa\u00e7o, os visitantes acompanham os animais de v\u00e1rios \u00e2ngulos gra\u00e7as aos grandes pain\u00e9is de vidro e aos caminhos sombreados que contornam toda a \u00e1rea.<\/p>\n\n\n\n<p>Logo, a sensa\u00e7\u00e3o lembrar\u00e1 uma caminhada pela savana africana. Os respons\u00e1veis pelo parque criaram um ambiente totalmente natural, com forma\u00e7\u00f5es rochosas estilo <em>kopje<\/em>, \u00e1gua corrente e espa\u00e7os mais amplos ou mais reservados. Assim, cada animal decide onde quer relaxar ou explorar \u2014 liberdade total, do jeitinho que eles merecem.<\/p>\n\n\n\n<p>E o melhor \u00e9 que essa proximidade toda cria uma conex\u00e3o genu\u00edna com a vida selvagem: observar de perto essas esp\u00e9cies t\u00e3o simb\u00f3licas desperta curiosidade, empatia e, assim, uma vontade enorme de aprender mais sobre conserva\u00e7\u00e3o.<\/p>\n\n\n\n<div style=\"height:52px\" aria-hidden=\"true\" class=\"wp-block-spacer\"><\/div>\n\n\n\n<h2 class=\"wp-block-heading\"><span class=\"ez-toc-section\" id=\"Bush_Gardens_promete_muitas_novidades_em_2026\"><\/span><strong>Bush Gardens promete muitas novidades em 2026<\/strong><span class=\"ez-toc-section-end\"><\/span><\/h2>\n\n\n\n<p>Al\u00e9m do <strong>Lion &amp; Hyena Ridge<\/strong>, o Busch Gardens promete diversas outras novidades para 2026.<\/p>\n\n\n\n<p>Al\u00e9m do habitat dos le\u00f5es e das hienas, o <strong>parque vai receber novos festivais, atra\u00e7\u00f5es para fam\u00edlias e, al\u00e9m disso,  programa\u00e7\u00f5es especiais ao longo de todas as esta\u00e7\u00f5es.<\/strong><\/p>\n\n\n\n<p>Para quem est\u00e1 planejando viagem com crian\u00e7as ou quer incluir algo diferente da rotina dos parques de Orlando, essa renova\u00e7\u00e3o \u00e9 praticamente um convite irresist\u00edvel para colocar o Busch Gardens no roteiro.<\/p>\n\n\n\n<p>Aqui no blog eu adoro compartilhar experi\u00eancias que fogem um pouco do \u00f3bvio, e o Busch Gardens sempre entra nessa categoria por misturar aventura com encontros incr\u00edveis com a vida animal.<\/p>\n\n\n\n<p>A chegada dos le\u00f5es e hienas em 2026 deixa essa combina\u00e7\u00e3o ainda mais especial, trazendo uma dose extra de emo\u00e7\u00e3o, educa\u00e7\u00e3o e contato com esp\u00e9cies que muita gente s\u00f3 viu em document\u00e1rios.<\/p>\n\n\n\n<p>Se voc\u00ea busca um dia de parque mais tranquilo, com momentos de contempla\u00e7\u00e3o e aquele gostinho de descoberta, essa expans\u00e3o do Busch Gardens tem tudo para ser perfeita. E sendo bem sincera: j\u00e1 estou contando os dias para ver essa savana de perto! \ud83d\udc3e<\/p>\n\n\n\n<p>Continue acompanhando o Jornada para Orlando pois assim que o parque anunciar sua abertura, volto aqui para contar para voc\u00eas, ein!<\/p>\n\n\n\n<p>Mais informa\u00e7\u00f5es e compras de ingressos voc\u00ea pode obter no<strong><a href=\"https:\/\/buschgardens.com\/tampa\/\" target=\"_blank\" rel=\"noreferrer noopener\"> site oficial do Busch Gardens<\/a><\/strong>.<\/p>\n\n\n\n<div style=\"height:52px\" aria-hidden=\"true\" class=\"wp-block-spacer\"><\/div>\n\n\n\n<p><strong>Leia tamb\u00e9m:<\/strong><\/p>\n\n\n\n<p>\ud83d\udccc <strong><a href=\"https:\/\/jornadaparaorlando.com.br\/web\/passeios-proximos-a-orlando\/\" target=\"_blank\" rel=\"noreferrer noopener\">Fl\u00f3rida Central: passeios imperd\u00edveis pr\u00f3ximos a Orlando<\/a><\/strong><\/p>\n\n\n\n<div style=\"height:254px\" aria-hidden=\"true\" class=\"wp-block-spacer\"><\/div>\n","protected":false},"excerpt":{"rendered":"<p>Depois de muitos rumores, o Busch Gardens Tampa Bay anunciou uma super novidade: um novo espa\u00e7o para le\u00f5es e hienas que ser\u00e1 inaugurado na primavera americana de 2026. O habitat promete trazer um pedacinho da savana africana para a Fl\u00f3rida. A nova \u00e1rea do parque, chamada Lion &amp; Hyena Ridge, vai ser a expans\u00e3o mais [&hellip;]<\/p>\n","protected":false},"author":1,"featured_media":3108,"comment_status":"closed","ping_status":"closed","sticky":false,"template":"","format":"standard","meta":{"om_disable_all_campaigns":false,"_monsterinsights_skip_tracking":false,"_monsterinsights_sitenote_active":false,"_monsterinsights_sitenote_note":"","_monsterinsights_sitenote_category":0,"_uf_show_specific_survey":0,"_uf_disable_surveys":false,"footnotes":"","jetpack_publicize_message":"","jetpack_publicize_feature_enabled":true,"jetpack_social_post_already_shared":true,"jetpack_social_options":{"image_generator_settings":{"template":"highway","default_image_id":0,"font":"","enabled":false},"version":2}},"categories":[145],"tags":[],"class_list":["post-3106","post","type-post","status-publish","format-standard","has-post-thumbnail","hentry","category-seaworld"],"jetpack_publicize_connections":[],"jetpack_featured_media_url":"https:\/\/i0.wp.com\/jornadaparaorlando.com.br\/web\/wp-content\/uploads\/2025\/11\/busch-gardens-leoes-hienas.webp?fit=900%2C506&ssl=1","jetpack_sharing_enabled":true,"_links":{"self":[{"href":"https:\/\/jornadaparaorlando.com.br\/web\/wp-json\/wp\/v2\/posts\/3106","targetHints":{"allow":["GET"]}}],"collection":[{"href":"https:\/\/jornadaparaorlando.com.br\/web\/wp-json\/wp\/v2\/posts"}],"about":[{"href":"https:\/\/jornadaparaorlando.com.br\/web\/wp-json\/wp\/v2\/types\/post"}],"author":[{"embeddable":true,"href":"https:\/\/jornadaparaorlando.com.br\/web\/wp-json\/wp\/v2\/users\/1"}],"replies":[{"embeddable":true,"href":"https:\/\/jornadaparaorlando.com.br\/web\/wp-json\/wp\/v2\/comments?post=3106"}],"version-history":[{"count":2,"href":"https:\/\/jornadaparaorlando.com.br\/web\/wp-json\/wp\/v2\/posts\/3106\/revisions"}],"predecessor-version":[{"id":3109,"href":"https:\/\/jornadaparaorlando.com.br\/web\/wp-json\/wp\/v2\/posts\/3106\/revisions\/3109"}],"wp:featuredmedia":[{"embeddable":true,"href":"https:\/\/jornadaparaorlando.com.br\/web\/wp-json\/wp\/v2\/media\/3108"}],"wp:attachment":[{"href":"https:\/\/jornadaparaorlando.com.br\/web\/wp-json\/wp\/v2\/media?parent=3106"}],"wp:term":[{"taxonomy":"category","embeddable":true,"href":"https:\/\/jornadaparaorlando.com.br\/web\/wp-json\/wp\/v2\/categories?post=3106"},{"taxonomy":"post_tag","embeddable":true,"href":"https:\/\/jornadaparaorlando.com.br\/web\/wp-json\/wp\/v2\/tags?post=3106"}],"curies":[{"name":"wp","href":"https:\/\/api.w.org\/{rel}","templated":true}]}}