{"id":437,"date":"2024-05-07T16:02:49","date_gmt":"2024-05-07T19:02:49","guid":{"rendered":"https:\/\/jornadaparaorlando.com.br\/web\/?p=437"},"modified":"2024-05-10T15:46:54","modified_gmt":"2024-05-10T18:46:54","slug":"disney-divulga-as-datas-da-festa-de-halloween-de-2024","status":"publish","type":"post","link":"https:\/\/jornadaparaorlando.com.br\/web\/disney-divulga-as-datas-da-festa-de-halloween-de-2024\/","title":{"rendered":"Disney divulga as datas da festa de Halloween de 2024"},"content":{"rendered":"<div class=\"wp-block-image\">\n<figure class=\"aligncenter size-full\"><img data-recalc-dims=\"1\" decoding=\"async\" width=\"850\" height=\"549\" data-src=\"https:\/\/i0.wp.com\/jornadaparaorlando.com.br\/web\/wp-content\/uploads\/2024\/05\/Mickey-Not-So-Scary-Halloween-Party02.jpg?resize=850%2C549&#038;ssl=1\" alt=\"\" class=\"wp-image-440 lazyload\" data-srcset=\"https:\/\/i0.wp.com\/jornadaparaorlando.com.br\/web\/wp-content\/uploads\/2024\/05\/Mickey-Not-So-Scary-Halloween-Party02.jpg?w=850&amp;ssl=1 850w, https:\/\/i0.wp.com\/jornadaparaorlando.com.br\/web\/wp-content\/uploads\/2024\/05\/Mickey-Not-So-Scary-Halloween-Party02.jpg?resize=300%2C194&amp;ssl=1 300w, https:\/\/i0.wp.com\/jornadaparaorlando.com.br\/web\/wp-content\/uploads\/2024\/05\/Mickey-Not-So-Scary-Halloween-Party02.jpg?resize=768%2C496&amp;ssl=1 768w\" data-sizes=\"(max-width: 850px) 100vw, 850px\" src=\"data:image\/svg+xml;base64,PHN2ZyB3aWR0aD0iMSIgaGVpZ2h0PSIxIiB4bWxucz0iaHR0cDovL3d3dy53My5vcmcvMjAwMC9zdmciPjwvc3ZnPg==\" style=\"--smush-placeholder-width: 850px; --smush-placeholder-aspect-ratio: 850\/549;\" \/><figcaption class=\"wp-element-caption\">Imagem: Arquivo pessoal<\/figcaption><\/figure>\n<\/div>\n\n\n<div style=\"height:20px\" aria-hidden=\"true\" class=\"wp-block-spacer\"><\/div>\n\n\n\n<p>A Disney acaba de anunciar as datas de um dos eventos mais aguardados do ano nos parques: o <strong>Mickey\u2019s Not-So-Scary Halloween Party.<\/strong><\/p>\n\n\n\n<p>O famoso evento de Halloween acontece no Magic Kingdom a partir do dia 9 de agosto de 2024 trazendo algumas novidades:<\/p>\n\n\n\n<div style=\"height:21px\" aria-hidden=\"true\" class=\"wp-block-spacer\"><\/div>\n\n\n\n<ul class=\"wp-block-list\">\n<li><strong>Mickey e Minnie em novos trajes<\/strong><\/li>\n<\/ul>\n\n\n\n<p>A primeira novidade do evento \u00e9 que este ano os anfitri\u00f5es da casa estar\u00e3o com novos trajes de teia de aranha neon.<\/p>\n\n\n<div class=\"wp-block-image\">\n<figure class=\"aligncenter size-full\"><img data-recalc-dims=\"1\" decoding=\"async\" width=\"850\" height=\"476\" data-src=\"https:\/\/i0.wp.com\/jornadaparaorlando.com.br\/web\/wp-content\/uploads\/2024\/05\/Mickey-Not-So-Scary-Halloween-Party.jpg?resize=850%2C476&#038;ssl=1\" alt=\"\" class=\"wp-image-439 lazyload\" data-srcset=\"https:\/\/i0.wp.com\/jornadaparaorlando.com.br\/web\/wp-content\/uploads\/2024\/05\/Mickey-Not-So-Scary-Halloween-Party.jpg?w=850&amp;ssl=1 850w, https:\/\/i0.wp.com\/jornadaparaorlando.com.br\/web\/wp-content\/uploads\/2024\/05\/Mickey-Not-So-Scary-Halloween-Party.jpg?resize=300%2C168&amp;ssl=1 300w, https:\/\/i0.wp.com\/jornadaparaorlando.com.br\/web\/wp-content\/uploads\/2024\/05\/Mickey-Not-So-Scary-Halloween-Party.jpg?resize=768%2C430&amp;ssl=1 768w\" data-sizes=\"(max-width: 850px) 100vw, 850px\" src=\"data:image\/svg+xml;base64,PHN2ZyB3aWR0aD0iMSIgaGVpZ2h0PSIxIiB4bWxucz0iaHR0cDovL3d3dy53My5vcmcvMjAwMC9zdmciPjwvc3ZnPg==\" style=\"--smush-placeholder-width: 850px; --smush-placeholder-aspect-ratio: 850\/476;\" \/><figcaption class=\"wp-element-caption\">Imagem: Divulga\u00e7\u00e3o<\/figcaption><\/figure>\n<\/div>\n\n\n<div style=\"height:22px\" aria-hidden=\"true\" class=\"wp-block-spacer\"><\/div>\n\n\n\n<ul class=\"wp-block-list\">\n<li><strong>Participa\u00e7\u00e3o de mais vil\u00f5es<\/strong><\/li>\n<\/ul>\n\n\n\n<p>Espelhados por todo o Magic Kingdom, os visitantes poder\u00e3o identificar seus vil\u00f5es favoritos e tirar fotos ao lado deles.<\/p>\n\n\n\n<div style=\"height:22px\" aria-hidden=\"true\" class=\"wp-block-spacer\"><\/div>\n\n\n\n<ul class=\"wp-block-list\">\n<li><strong>DescenDANCE Party<\/strong><\/li>\n<\/ul>\n\n\n\n<p>A DescenDANCE Party \u00e9 uma festa inspirada no filme original da Disney, o \u201cDescendentes: A Ascens\u00e3o Vermelha\u201d, que estreia no Disney+ no dia 12 de julho. Esta nova rave acontecer\u00e1 no Rockettower Plaza Stage, na \u00e1rea do Tomorrowland.<\/p>\n\n\n\n<div style=\"height:20px\" aria-hidden=\"true\" class=\"wp-block-spacer\"><\/div>\n\n\n\n<ul class=\"wp-block-list\">\n<li><strong>Presen\u00e7a de Bruno Madrigal<\/strong><\/li>\n<\/ul>\n\n\n\n<p>Pela primeira vez, Bruno Madrigal, do filme \u201cEncanto\u201d marca presen\u00e7a na festa ao lado da Mirabel, em sua casa no Fairytale Garden.<\/p>\n\n\n\n<div style=\"height:22px\" aria-hidden=\"true\" class=\"wp-block-spacer\"><\/div>\n\n\n\n<ul class=\"wp-block-list\">\n<li><strong>Mickey\u2019s Boo-To-You Parade em novo hor\u00e1rio<\/strong><\/li>\n<\/ul>\n\n\n\n<p>O t\u00e3o aguardado Mickey\u2019s Boo-To-You Parade come\u00e7ar\u00e1 mais cedo este ano, \u00e0s 20h15, ou seja, uma hora antes dos anos anteriores.<\/p>\n\n\n<div class=\"wp-block-image\">\n<figure class=\"aligncenter size-full\"><img data-recalc-dims=\"1\" decoding=\"async\" width=\"850\" height=\"592\" data-src=\"https:\/\/i0.wp.com\/jornadaparaorlando.com.br\/web\/wp-content\/uploads\/2024\/05\/Mickey-Boo-Too-You-Parade-Halloween.jpg?resize=850%2C592&#038;ssl=1\" alt=\"\" class=\"wp-image-438 lazyload\" data-srcset=\"https:\/\/i0.wp.com\/jornadaparaorlando.com.br\/web\/wp-content\/uploads\/2024\/05\/Mickey-Boo-Too-You-Parade-Halloween.jpg?w=850&amp;ssl=1 850w, https:\/\/i0.wp.com\/jornadaparaorlando.com.br\/web\/wp-content\/uploads\/2024\/05\/Mickey-Boo-Too-You-Parade-Halloween.jpg?resize=300%2C209&amp;ssl=1 300w, https:\/\/i0.wp.com\/jornadaparaorlando.com.br\/web\/wp-content\/uploads\/2024\/05\/Mickey-Boo-Too-You-Parade-Halloween.jpg?resize=768%2C535&amp;ssl=1 768w\" data-sizes=\"(max-width: 850px) 100vw, 850px\" src=\"data:image\/svg+xml;base64,PHN2ZyB3aWR0aD0iMSIgaGVpZ2h0PSIxIiB4bWxucz0iaHR0cDovL3d3dy53My5vcmcvMjAwMC9zdmciPjwvc3ZnPg==\" style=\"--smush-placeholder-width: 850px; --smush-placeholder-aspect-ratio: 850\/592;\" \/><figcaption class=\"wp-element-caption\">Imagem: Arquivo pessoal<\/figcaption><\/figure>\n<\/div>\n\n\n<div style=\"height:20px\" aria-hidden=\"true\" class=\"wp-block-spacer\"><\/div>\n\n\n\n<p>Para completar a divers\u00e3o, o evento contar\u00e1 com o retorno do show de fogos de artif\u00edcio \u201cDisney1s Not-So-Scary Spetacular\u201d, apresentado por Jack Skellington, o show \u201cHocus Pocus Villain Spelltacular\u201d, e truques em todo o parque.<\/p>\n\n\n\n<div style=\"height:23px\" aria-hidden=\"true\" class=\"wp-block-spacer\"><\/div>\n\n\n\n<h2 class=\"wp-block-heading\">Aten\u00e7\u00e3o \u00e0s datas!<\/h2>\n\n\n\n<p>Para participar de todo o \u201c<strong>Mickey\u2019s Not-So-Scary Halloween Party<\/strong>\u201d voc\u00ea deve comprar ingressos separados e ficar atento \u00e0s datas, pois nos dias que acontece o evento, os visitantes que n\u00e3o compraram os ingressos para esta festa precisam ir embora mais cedo do parque e n\u00e3o acontece o tradicional show de fogos do castelo!<\/p>\n\n\n\n<p>Como mencionado acima, o evento de Halloween come\u00e7a no dia 9 de agosto e acontece at\u00e9 o dia 31 de outubro no Magic Kingdom em datas selecionadas.<\/p>\n\n\n\n<p>Os ingressos estar\u00e3o \u00e0 venda para h\u00f3spedes em hot\u00e9is selecionados do Walt Disney World Resort, Walt Disney World Swan e Dolphin Hotels e Shades of Green e 8 de maio. Para todos os outros h\u00f3spedes, os ingressos estar\u00e3o \u00e0 venda a partir do dia 15 de maio.<\/p>\n\n\n\n<div style=\"height:21px\" aria-hidden=\"true\" class=\"wp-block-spacer\"><\/div>\n\n\n\n<p>Confira as datas do evento em 2024:<\/p>\n\n\n\n<p><strong>Agosto:<\/strong> 9, 13, 16, 20, 23, 27 e 30<\/p>\n\n\n\n<p><strong>Setembro<\/strong>: 2, 6, 8, 10, 13, 15, 17, 20, 22, 24, 26, 27 e 29<\/p>\n\n\n\n<p><strong>Outubro:<\/strong> 1, 3, 4, 6, 8, 10, 11, 14, 15, 17, 18, 20, 21, 24, 25, 27, 29 e 31<\/p>\n","protected":false},"excerpt":{"rendered":"<p>A Disney acaba de anunciar as datas de um dos eventos mais aguardados do ano nos parques: o Mickey\u2019s Not-So-Scary Halloween Party. O famoso evento de Halloween acontece no Magic Kingdom a partir do dia 9 de agosto de 2024 trazendo algumas novidades: A primeira novidade do evento \u00e9 que este ano os anfitri\u00f5es da [&hellip;]<\/p>\n","protected":false},"author":1,"featured_media":440,"comment_status":"closed","ping_status":"closed","sticky":false,"template":"","format":"standard","meta":{"om_disable_all_campaigns":false,"_monsterinsights_skip_tracking":false,"_monsterinsights_sitenote_active":false,"_monsterinsights_sitenote_note":"","_monsterinsights_sitenote_category":0,"_uf_show_specific_survey":0,"_uf_disable_surveys":false,"footnotes":"","jetpack_publicize_message":"","jetpack_publicize_feature_enabled":true,"jetpack_social_post_already_shared":false,"jetpack_social_options":{"image_generator_settings":{"template":"highway","default_image_id":0,"font":"","enabled":false},"version":2}},"categories":[4],"tags":[58,57,60,61,59],"class_list":["post-437","post","type-post","status-publish","format-standard","has-post-thumbnail","hentry","category-walt-disney-world","tag-disney","tag-halloween","tag-halloween-na-disney","tag-mickey-not-so-scary-halloween-party","tag-walt-disney-world"],"jetpack_publicize_connections":[],"jetpack_featured_media_url":"https:\/\/i0.wp.com\/jornadaparaorlando.com.br\/web\/wp-content\/uploads\/2024\/05\/Mickey-Not-So-Scary-Halloween-Party02.jpg?fit=850%2C549&ssl=1","jetpack_sharing_enabled":true,"_links":{"self":[{"href":"https:\/\/jornadaparaorlando.com.br\/web\/wp-json\/wp\/v2\/posts\/437","targetHints":{"allow":["GET"]}}],"collection":[{"href":"https:\/\/jornadaparaorlando.com.br\/web\/wp-json\/wp\/v2\/posts"}],"about":[{"href":"https:\/\/jornadaparaorlando.com.br\/web\/wp-json\/wp\/v2\/types\/post"}],"author":[{"embeddable":true,"href":"https:\/\/jornadaparaorlando.com.br\/web\/wp-json\/wp\/v2\/users\/1"}],"replies":[{"embeddable":true,"href":"https:\/\/jornadaparaorlando.com.br\/web\/wp-json\/wp\/v2\/comments?post=437"}],"version-history":[{"count":3,"href":"https:\/\/jornadaparaorlando.com.br\/web\/wp-json\/wp\/v2\/posts\/437\/revisions"}],"predecessor-version":[{"id":503,"href":"https:\/\/jornadaparaorlando.com.br\/web\/wp-json\/wp\/v2\/posts\/437\/revisions\/503"}],"wp:featuredmedia":[{"embeddable":true,"href":"https:\/\/jornadaparaorlando.com.br\/web\/wp-json\/wp\/v2\/media\/440"}],"wp:attachment":[{"href":"https:\/\/jornadaparaorlando.com.br\/web\/wp-json\/wp\/v2\/media?parent=437"}],"wp:term":[{"taxonomy":"category","embeddable":true,"href":"https:\/\/jornadaparaorlando.com.br\/web\/wp-json\/wp\/v2\/categories?post=437"},{"taxonomy":"post_tag","embeddable":true,"href":"https:\/\/jornadaparaorlando.com.br\/web\/wp-json\/wp\/v2\/tags?post=437"}],"curies":[{"name":"wp","href":"https:\/\/api.w.org\/{rel}","templated":true}]}}