{"id":511,"date":"2024-05-13T13:10:19","date_gmt":"2024-05-13T16:10:19","guid":{"rendered":"https:\/\/jornadaparaorlando.com.br\/web\/?p=511"},"modified":"2024-05-13T13:10:25","modified_gmt":"2024-05-13T16:10:25","slug":"atracao-da-princesa-tiana-chega-ao-magic-kingdom","status":"publish","type":"post","link":"https:\/\/jornadaparaorlando.com.br\/web\/atracao-da-princesa-tiana-chega-ao-magic-kingdom\/","title":{"rendered":"Atra\u00e7\u00e3o da Princesa Tiana chega ao Magic Kingdom!"},"content":{"rendered":"<div class=\"wp-block-image\">\n<figure class=\"aligncenter size-full\"><img data-recalc-dims=\"1\" decoding=\"async\" width=\"850\" height=\"567\" data-src=\"https:\/\/i0.wp.com\/jornadaparaorlando.com.br\/web\/wp-content\/uploads\/2024\/05\/TianasBayouAdventure_OpeningDateAnnouncement4.jpg?resize=850%2C567&#038;ssl=1\" alt=\"\" class=\"wp-image-514 lazyload\" data-srcset=\"https:\/\/i0.wp.com\/jornadaparaorlando.com.br\/web\/wp-content\/uploads\/2024\/05\/TianasBayouAdventure_OpeningDateAnnouncement4.jpg?w=850&amp;ssl=1 850w, https:\/\/i0.wp.com\/jornadaparaorlando.com.br\/web\/wp-content\/uploads\/2024\/05\/TianasBayouAdventure_OpeningDateAnnouncement4.jpg?resize=300%2C200&amp;ssl=1 300w, https:\/\/i0.wp.com\/jornadaparaorlando.com.br\/web\/wp-content\/uploads\/2024\/05\/TianasBayouAdventure_OpeningDateAnnouncement4.jpg?resize=768%2C512&amp;ssl=1 768w\" data-sizes=\"(max-width: 850px) 100vw, 850px\" src=\"data:image\/svg+xml;base64,PHN2ZyB3aWR0aD0iMSIgaGVpZ2h0PSIxIiB4bWxucz0iaHR0cDovL3d3dy53My5vcmcvMjAwMC9zdmciPjwvc3ZnPg==\" style=\"--smush-placeholder-width: 850px; --smush-placeholder-aspect-ratio: 850\/567;\" \/><figcaption class=\"wp-element-caption\">Tiana\u2019s Bayou Adventure chega ao Magic Kingdom no dia 28 de junho!   \/  Foto: Paul Morse &#8211; Divulga\u00e7\u00e3o<\/figcaption><\/figure>\n<\/div>\n\n\n<div style=\"height:28px\" aria-hidden=\"true\" class=\"wp-block-spacer\"><\/div>\n\n\n\n<p>Se voc\u00ea est\u00e1 com viagem marcada para Fl\u00f3rida durante o ver\u00e3o americano, ent\u00e3o j\u00e1 anota essa dica e coloca essa atra\u00e7\u00e3o na sua lista!<\/p>\n\n\n\n<p>A Disney acaba de anunciar a chegada do <strong>Tiana\u2019s Bayou Adventure<\/strong> ao <strong>Magic Kingdom<\/strong> no dia 28 de junho!<\/p>\n\n\n\n<p>Os visitantes poder\u00e3o encontrar a Princesa Tiana e todos os seus amigos em uma aventura emocionante e recheada de m\u00fasica em uma atra\u00e7\u00e3o que celebra a regi\u00e3o de Nova Orleans.<\/p>\n\n\n<div class=\"wp-block-image\">\n<figure class=\"aligncenter size-full is-resized\"><img data-recalc-dims=\"1\" decoding=\"async\" width=\"850\" height=\"567\" data-src=\"https:\/\/i0.wp.com\/jornadaparaorlando.com.br\/web\/wp-content\/uploads\/2024\/05\/TianasBayouAdventure_OpeningDateAnnouncement1.jpg?resize=850%2C567&#038;ssl=1\" alt=\"\" class=\"wp-image-512 lazyload\" style=\"--smush-placeholder-width: 850px; --smush-placeholder-aspect-ratio: 850\/567;width:840px;height:auto\" data-srcset=\"https:\/\/i0.wp.com\/jornadaparaorlando.com.br\/web\/wp-content\/uploads\/2024\/05\/TianasBayouAdventure_OpeningDateAnnouncement1.jpg?w=850&amp;ssl=1 850w, https:\/\/i0.wp.com\/jornadaparaorlando.com.br\/web\/wp-content\/uploads\/2024\/05\/TianasBayouAdventure_OpeningDateAnnouncement1.jpg?resize=300%2C200&amp;ssl=1 300w, https:\/\/i0.wp.com\/jornadaparaorlando.com.br\/web\/wp-content\/uploads\/2024\/05\/TianasBayouAdventure_OpeningDateAnnouncement1.jpg?resize=768%2C512&amp;ssl=1 768w\" data-sizes=\"(max-width: 850px) 100vw, 850px\" src=\"data:image\/svg+xml;base64,PHN2ZyB3aWR0aD0iMSIgaGVpZ2h0PSIxIiB4bWxucz0iaHR0cDovL3d3dy53My5vcmcvMjAwMC9zdmciPjwvc3ZnPg==\" \/><figcaption class=\"wp-element-caption\">Muita m\u00fasica, uma queda de 15m de altura e cheirinho de <em>beignets<\/em> fritos fazem parte da atra\u00e7\u00e3o  \/  Foto: Olga Thompson &#8211; Divulga\u00e7\u00e3o<\/figcaption><\/figure>\n<\/div>\n\n\n<div style=\"height:31px\" aria-hidden=\"true\" class=\"wp-block-spacer\"><\/div>\n\n\n\n<p>Enquanto o p\u00fablico flutua entre os ciprestes e o musgo espanhol de um lindo bayou da Louisiana, poder\u00e3o encontrar dezenas de personagens nas vozes talentosas de Bruno Campos (como Pr\u00edncipe Naveen), Jenifer Lewis (como Mama Odie), Michael Leon Wooley (como Louis) e Anika Noni Rose (como Princesa Tiana).<\/p>\n\n\n\n<p>E n\u00e3o para por a\u00ed! Ao final os visitantes ainda s\u00e3o surpreendidos com uma queda emocionante de 15 metros de altura, al\u00e9m de poder sentir o aroma dos beignets fritando (lembrando um passeio pelo French Quarter) como parte da fila da atra\u00e7\u00e3o. Demais, n\u00e9?<\/p>\n\n\n<div class=\"wp-block-image\">\n<figure class=\"aligncenter size-full\"><img data-recalc-dims=\"1\" decoding=\"async\" width=\"850\" height=\"567\" data-src=\"https:\/\/i0.wp.com\/jornadaparaorlando.com.br\/web\/wp-content\/uploads\/2024\/05\/TianasBayouAdventure_OpeningDateAnnouncement3.jpg?resize=850%2C567&#038;ssl=1\" alt=\"\" class=\"wp-image-513 lazyload\" data-srcset=\"https:\/\/i0.wp.com\/jornadaparaorlando.com.br\/web\/wp-content\/uploads\/2024\/05\/TianasBayouAdventure_OpeningDateAnnouncement3.jpg?w=850&amp;ssl=1 850w, https:\/\/i0.wp.com\/jornadaparaorlando.com.br\/web\/wp-content\/uploads\/2024\/05\/TianasBayouAdventure_OpeningDateAnnouncement3.jpg?resize=300%2C200&amp;ssl=1 300w, https:\/\/i0.wp.com\/jornadaparaorlando.com.br\/web\/wp-content\/uploads\/2024\/05\/TianasBayouAdventure_OpeningDateAnnouncement3.jpg?resize=768%2C512&amp;ssl=1 768w\" data-sizes=\"(max-width: 850px) 100vw, 850px\" src=\"data:image\/svg+xml;base64,PHN2ZyB3aWR0aD0iMSIgaGVpZ2h0PSIxIiB4bWxucz0iaHR0cDovL3d3dy53My5vcmcvMjAwMC9zdmciPjwvc3ZnPg==\" style=\"--smush-placeholder-width: 850px; --smush-placeholder-aspect-ratio: 850\/567;\" \/><figcaption class=\"wp-element-caption\">Atra\u00e7\u00e3o chega ao Disneyland Park, na Fl\u00f3rida, ainda este ano  \/  Foto: Bennett Stoops &#8211; Divulga\u00e7\u00e3o<\/figcaption><\/figure>\n<\/div>\n\n\n<div style=\"height:31px\" aria-hidden=\"true\" class=\"wp-block-spacer\"><\/div>\n\n\n\n<p>Al\u00e9m do Magic Kingdom, a atra\u00e7\u00e3o Tiana\u2019s Bayou Adventure deve chegar ao Disneyland Park, na Calif\u00f3rnia, at\u00e9 o fim deste ano!<\/p>\n\n\n\n<p>Quem a\u00ed j\u00e1 est\u00e1 ansioso para conferir tudo de pertinho?<\/p>\n","protected":false},"excerpt":{"rendered":"<p>Se voc\u00ea est\u00e1 com viagem marcada para Fl\u00f3rida durante o ver\u00e3o americano, ent\u00e3o j\u00e1 anota essa dica e coloca essa atra\u00e7\u00e3o na sua lista! A Disney acaba de anunciar a chegada do Tiana\u2019s Bayou Adventure ao Magic Kingdom no dia 28 de junho! Os visitantes poder\u00e3o encontrar a Princesa Tiana e todos os seus amigos [&hellip;]<\/p>\n","protected":false},"author":1,"featured_media":514,"comment_status":"closed","ping_status":"closed","sticky":false,"template":"","format":"standard","meta":{"om_disable_all_campaigns":false,"_monsterinsights_skip_tracking":false,"_monsterinsights_sitenote_active":false,"_monsterinsights_sitenote_note":"","_monsterinsights_sitenote_category":0,"_uf_show_specific_survey":0,"_uf_disable_surveys":false,"footnotes":"","jetpack_publicize_message":"","jetpack_publicize_feature_enabled":true,"jetpack_social_post_already_shared":true,"jetpack_social_options":{"image_generator_settings":{"template":"highway","default_image_id":0,"font":"","enabled":false},"version":2}},"categories":[4],"tags":[],"class_list":["post-511","post","type-post","status-publish","format-standard","has-post-thumbnail","hentry","category-walt-disney-world"],"jetpack_publicize_connections":[],"jetpack_featured_media_url":"https:\/\/i0.wp.com\/jornadaparaorlando.com.br\/web\/wp-content\/uploads\/2024\/05\/TianasBayouAdventure_OpeningDateAnnouncement4.jpg?fit=850%2C567&ssl=1","jetpack_sharing_enabled":true,"_links":{"self":[{"href":"https:\/\/jornadaparaorlando.com.br\/web\/wp-json\/wp\/v2\/posts\/511","targetHints":{"allow":["GET"]}}],"collection":[{"href":"https:\/\/jornadaparaorlando.com.br\/web\/wp-json\/wp\/v2\/posts"}],"about":[{"href":"https:\/\/jornadaparaorlando.com.br\/web\/wp-json\/wp\/v2\/types\/post"}],"author":[{"embeddable":true,"href":"https:\/\/jornadaparaorlando.com.br\/web\/wp-json\/wp\/v2\/users\/1"}],"replies":[{"embeddable":true,"href":"https:\/\/jornadaparaorlando.com.br\/web\/wp-json\/wp\/v2\/comments?post=511"}],"version-history":[{"count":1,"href":"https:\/\/jornadaparaorlando.com.br\/web\/wp-json\/wp\/v2\/posts\/511\/revisions"}],"predecessor-version":[{"id":515,"href":"https:\/\/jornadaparaorlando.com.br\/web\/wp-json\/wp\/v2\/posts\/511\/revisions\/515"}],"wp:featuredmedia":[{"embeddable":true,"href":"https:\/\/jornadaparaorlando.com.br\/web\/wp-json\/wp\/v2\/media\/514"}],"wp:attachment":[{"href":"https:\/\/jornadaparaorlando.com.br\/web\/wp-json\/wp\/v2\/media?parent=511"}],"wp:term":[{"taxonomy":"category","embeddable":true,"href":"https:\/\/jornadaparaorlando.com.br\/web\/wp-json\/wp\/v2\/categories?post=511"},{"taxonomy":"post_tag","embeddable":true,"href":"https:\/\/jornadaparaorlando.com.br\/web\/wp-json\/wp\/v2\/tags?post=511"}],"curies":[{"name":"wp","href":"https:\/\/api.w.org\/{rel}","templated":true}]}}